{"id":72596,"date":"2005-04-25T03:00:00","date_gmt":"2005-04-25T06:00:00","guid":{"rendered":"http:\/\/martineziuliano.com.ar\/web\/plan-industrial-de-largo-plazo\/"},"modified":"2005-04-25T03:00:00","modified_gmt":"2005-04-25T06:00:00","slug":"plan-industrial-de-largo-plazo","status":"publish","type":"post","link":"https:\/\/ic.tecnopc.com.ar\/index.php\/2005\/04\/25\/plan-industrial-de-largo-plazo\/","title":{"rendered":"PLAN INDUSTRIAL DE LARGO PLAZO"},"content":{"rendered":"<div><span style=\"color: #3366ff;\">La UIA inicia ma\u00f1ana una nueva etapa con el objetivo de  dise\u00f1ar un plan de industrializaci\u00f3n de largo plazo<\/span><\/div>\n<div>Buenos Aires, abr. 25 (NA) &#8212; La Uni\u00f3n Industrial Argentina  pondr\u00e1 en marcha ma\u00f1ana una nueva etapa de unidad con las elecciones que  llevar\u00e1n a H\u00e9ctor M\u00e9ndez, del sector pl\u00e1stico, al m\u00e1ximo escal\u00f3n de conducci\u00f3n  de la entidad, y el gran objetivo de dise\u00f1ar junto al gobierno nacional un plan  de industrializaci\u00f3n de largo plazo.<\/div>\n<div>En realidad, elecciones no habr\u00e1, ya  que M\u00e9ndez y la nueva conducci\u00f3n ser\u00e1n designados por &#8220;aclamaci\u00f3n&#8221; durante un  encuentro anunciado para las 15:00 en la sede de la central fabril de Avenida de  Mayo al 1.100. <br \/>M\u00e9ndez viene trabajando desde hace tiempo en la conducci\u00f3n,  ya que es el actual n\u00famero dos de Alberto Alvarez Gaiani, quien dejar\u00e1 la  presidencia y s\u00f3lo seguir\u00e1 como vocal en la nueva c\u00fapula. <br \/>La asunci\u00f3n formal  del nuevo Comit\u00e9 Ejecutivo se realizar\u00e1 el 26 de mayo pr\u00f3ximo en Mar del Plata,  en un encuentro de toda la dirigencia fabril al que, esperan, concurra el  presidente N\u00e9stor Kirchner. <br \/>Tras a\u00f1os de divisiones, los dos sectores  internos de la UIA pondr\u00e1n as\u00ed el broche de oro a un acuerdo que se teji\u00f3  durante meses y que se plasm\u00f3 en una lista \u00fanica, llamada justamente &#8220;Unidad&#8221;,  cuya piedra angular es un plan program\u00e1tico que tratar\u00e1 de imponerse como  prioridad en la agenda gubernamental. <br \/>&#8220;Debemos generar una pol\u00edtica de  industrializaci\u00f3n, similar a la que ha tenido Brasil en todos estos a\u00f1os&#8221;,  sostuvo M\u00e9ndez, quien ser\u00e1 apuntalado en la conducci\u00f3n por la mayor\u00eda de los  &#8216;peso pesado&#8217; del sector fabril. <br \/>As\u00ed, Luis Betnaza, quien ocupar\u00e1 la  vicepresidencia segunda, reflejar\u00e1 la firme decisi\u00f3n del Grupo Techint de jugar  por primera vez a uno de sus principales hombres para integrar la conducci\u00f3n de  la UIA. <br \/>No ser\u00e1 el \u00fanico caso: el Grupo Arcor -principal fabricante mundial  de golosinas liderado por Luis Pagani- ceder\u00e1 a una de sus principales figuras,  Adri\u00e1n Kaufmann, para el puesto clave de secretario, el hombre que maneja los  hilos de la entidad junto al presidente. <br \/>En la central fabril hay  concidencia en que este es un momento pol\u00edtico inmejorable para sentar las bases  de un plan integral de industrializaci\u00f3n. <br \/>En primer lugar se encuentran  c\u00f3modos con un presidente como N\u00e9stor Kirchner, quien defiende el capitalismo y  es proclive a implementar un modelo de desarrollo sustentado en las industrias  locales. <br \/>Adem\u00e1s, comulgan con el credo de Roberto Lavagna, el ministro de  Econom\u00eda que, a juicio de los hombres de la UIA, sac\u00f3 a la Argentina de la mayor  crisis de su historia. <br \/>Por si esto fuera poco, la secretar\u00eda de Industria es  responsabilidad de Miguel Peirano, quien fue durante m\u00e1s de una d\u00e9cada uno de  los dos economistas clave de la UIA. <br \/>El otro, Federico Poli, es jefe de  Gabinete de Industria y adem\u00e1s ocupa la subsecretar\u00eda Pyme de la Naci\u00f3n. <br \/>&#8220;Es  ahora o nunca&#8221;, coinciden en se\u00f1alar varios de los integrantes del Comit\u00e9  Ejecutivo que resultar\u00e1 electo ma\u00f1ana por aclamaci\u00f3n. <br \/>Para M\u00e9ndez, el pa\u00eds  &#8220;debe tener un marco para generar inversiones&#8221;. <br \/>&#8220;El que invierta aqu\u00ed tiene  que saber que no tiene castigos, sino premios&#8221;, se lo escucha repetir. <br \/>La  UIA, seg\u00fan dijo el propio M\u00e9ndez, mantendr\u00e1 su apoyo irrestricto a la pol\u00edtica  econ\u00f3mica oficial. <br \/>&#8220;El Gobierno ha dado se\u00f1ales claras de que le interesa  mantener un esquema exportador y un tipo de cambio justo. No subsidiado, pero s\u00ed  justo&#8221;, destac\u00f3. <br \/>Para garantizar que todos los sectores que integran el  acuerdo de unidad est\u00e9n representados, la central fabril decidi\u00f3 elevar de  cuatro a cinco la cantidad de vicepresidencias. <br \/>As\u00ed, M\u00e9ndez estar\u00e1  acompa\u00f1ado por Federico Nicholson (Ledesma) en la vice primera; Luis Betnaza  (Techint) en la segunda; H\u00e9ctor Massuh (papeleros) en la tercera; Juan Carlos  Sacco (gr\u00e1ficos) en la cuarta; y Jos\u00e9 Ignacio de Mendiguren (textiles) en la  quinta. <br \/>Adem\u00e1s, como vicepresidente Pyme ir\u00e1 Jos\u00e9 Luis Basso, el principal  exportador de v\u00e1lvulas automotrices del pa\u00eds y due\u00f1o de una empresa que le  provee a las compa\u00f1\u00edas n\u00famero uno de Estados Unidos y Europa. <br \/>Como  secretario estar\u00e1 Adri\u00e1n Kaufmann y el tesorero ser\u00e1 Juan Manuel Forn, un hombre  que sali\u00f3 del &#8216;d\u00eda a d\u00eda&#8217; en Molinos, donde ahora ejerce un cargo m\u00e1s vinculado  con las relaciones institucionales de la compa\u00f1\u00eda insignia de P\u00e9rez Companc.  <br \/>Osvaldo Rial, Jorge Sorabilla, Cristiano Rattazzi y Juan Carlos Lascurain  completar\u00e1n el Comit\u00e9 Ejecutivo como prosecretarios y protesoreros.<\/div>\n","protected":false},"excerpt":{"rendered":"<div><span style=\"color: #3366ff;\">La UIA inicia ma\u00f1ana una nueva etapa con el objetivo de  dise\u00f1ar un plan de industrializaci\u00f3n de largo plazo<\/span><\/div>\n<div>Buenos Aires, abr. 25 (NA) &#8212; La Uni\u00f3n Industrial Argentina  pondr\u00e1 en marcha ma\u00f1ana una nueva etapa de unidad con las elecciones que  llevar\u00e1n a H\u00e9ctor M\u00e9ndez, del sector pl\u00e1stico, al m\u00e1ximo escal\u00f3n de conducci\u00f3n  de la entidad, y el gran objetivo de dise\u00f1ar junto al gobierno nacional un plan  de industrializaci\u00f3n de largo plazo.<\/div>\n<div>\n","protected":false},"author":1,"featured_media":0,"comment_status":"closed","ping_status":"open","sticky":false,"template":"","format":"standard","meta":{"footnotes":""},"categories":[3],"tags":[],"class_list":["post-72596","post","type-post","status-publish","format-standard","hentry","category-ultimas-noticias"],"_links":{"self":[{"href":"https:\/\/ic.tecnopc.com.ar\/index.php\/wp-json\/wp\/v2\/posts\/72596","targetHints":{"allow":["GET"]}}],"collection":[{"href":"https:\/\/ic.tecnopc.com.ar\/index.php\/wp-json\/wp\/v2\/posts"}],"about":[{"href":"https:\/\/ic.tecnopc.com.ar\/index.php\/wp-json\/wp\/v2\/types\/post"}],"author":[{"embeddable":true,"href":"https:\/\/ic.tecnopc.com.ar\/index.php\/wp-json\/wp\/v2\/users\/1"}],"replies":[{"embeddable":true,"href":"https:\/\/ic.tecnopc.com.ar\/index.php\/wp-json\/wp\/v2\/comments?post=72596"}],"version-history":[{"count":0,"href":"https:\/\/ic.tecnopc.com.ar\/index.php\/wp-json\/wp\/v2\/posts\/72596\/revisions"}],"wp:attachment":[{"href":"https:\/\/ic.tecnopc.com.ar\/index.php\/wp-json\/wp\/v2\/media?parent=72596"}],"wp:term":[{"taxonomy":"category","embeddable":true,"href":"https:\/\/ic.tecnopc.com.ar\/index.php\/wp-json\/wp\/v2\/categories?post=72596"},{"taxonomy":"post_tag","embeddable":true,"href":"https:\/\/ic.tecnopc.com.ar\/index.php\/wp-json\/wp\/v2\/tags?post=72596"}],"curies":[{"name":"wp","href":"https:\/\/api.w.org\/{rel}","templated":true}]}}