{"id":72604,"date":"2005-04-13T03:00:00","date_gmt":"2005-04-13T06:00:00","guid":{"rendered":"http:\/\/martineziuliano.com.ar\/web\/incentivos-a-la-industria\/"},"modified":"2005-04-13T03:00:00","modified_gmt":"2005-04-13T06:00:00","slug":"incentivos-a-la-industria","status":"publish","type":"post","link":"https:\/\/ic.tecnopc.com.ar\/index.php\/2005\/04\/13\/incentivos-a-la-industria\/","title":{"rendered":"INCENTIVOS A LA INDUSTRIA"},"content":{"rendered":"<div><span style=\"color: #3366ff;\">El Gobierno tiene listo un paquete de medidas para incentivar  a la actividad industrial<\/span><\/div>\n<div>Buenos Aires, abr. 13 (NA) &#8212; La posible devoluci\u00f3n del IVA  para futuras inversiones, la eliminaci\u00f3n de retenciones a las industrias y un  reintegro para las automotrices que compren autopartes locales, forman parte de  un paquete de medidas que el Gobierno lanzar\u00eda pr\u00f3ximamente para incentivar la  producci\u00f3n.<\/div>\n<div>Seg\u00fan trascendi\u00f3 hoy, en el Ministerio de Econom\u00eda ya est\u00e1  esperando la firma del ministro Roberto Lavagna un decreto que reglamentar\u00e1 la  devoluci\u00f3n del saldo t\u00e9cnico del IVA, que es el saldo fiscal que se puede  computar s\u00f3lo contra ese impuesto y que se genera por la diferencia entre la  compra para inversiones y la venta de productos. <br \/>Para implementar esa  medida, que se efectivizar\u00e1 por cupos, el Estado deber\u00e1 destinar 500 millones de  pesos, seg\u00fan public\u00f3 hoy el matutino El Cronista. <br \/>Adem\u00e1s, el decreto incluye  la eliminaci\u00f3n de las retenciones a las exportaciones industriales que superen  las ventas al exterior registradas en 2004. <br \/>En la actualidad, las  exportaciones de ese sector est\u00e1n gravadas con una retenci\u00f3n del 5 por ciento.  <br \/>Tambi\u00e9n se otorgar\u00e1 un reintegro del 6 \u00f3 el 7 por ciento en pesos para las  automotrices que compren autopartes locales para la producci\u00f3n de nuevos  modelos, y se otorgar\u00e1n m\u00e1s cr\u00e9ditos subsidiados para las pymes. <br \/>Todas estas  medidas, que se anunciar\u00edan durante los pr\u00f3ximos tres meses, apuntan a  incentivar el perfil industrial del pa\u00eds y evitar as\u00ed un brusco &#8220;enfriamiento&#8221;  de la econom\u00eda, seg\u00fan se se\u00f1al\u00f3.<\/div>\n","protected":false},"excerpt":{"rendered":"<div><span style=\"color: #3366ff;\">El Gobierno tiene listo un paquete de medidas para incentivar  a la actividad industrial<\/span><\/div>\n<div>Buenos Aires, abr. 13 (NA) &#8212; La posible devoluci\u00f3n del IVA  para futuras inversiones, la eliminaci\u00f3n de retenciones a las industrias y un  reintegro para las automotrices que compren autopartes locales, forman parte de  un paquete de medidas que el Gobierno lanzar\u00eda pr\u00f3ximamente para incentivar la  producci\u00f3n.<\/div>\n<div>\n","protected":false},"author":1,"featured_media":0,"comment_status":"closed","ping_status":"open","sticky":false,"template":"","format":"standard","meta":{"footnotes":""},"categories":[3],"tags":[],"class_list":["post-72604","post","type-post","status-publish","format-standard","hentry","category-ultimas-noticias"],"_links":{"self":[{"href":"https:\/\/ic.tecnopc.com.ar\/index.php\/wp-json\/wp\/v2\/posts\/72604","targetHints":{"allow":["GET"]}}],"collection":[{"href":"https:\/\/ic.tecnopc.com.ar\/index.php\/wp-json\/wp\/v2\/posts"}],"about":[{"href":"https:\/\/ic.tecnopc.com.ar\/index.php\/wp-json\/wp\/v2\/types\/post"}],"author":[{"embeddable":true,"href":"https:\/\/ic.tecnopc.com.ar\/index.php\/wp-json\/wp\/v2\/users\/1"}],"replies":[{"embeddable":true,"href":"https:\/\/ic.tecnopc.com.ar\/index.php\/wp-json\/wp\/v2\/comments?post=72604"}],"version-history":[{"count":0,"href":"https:\/\/ic.tecnopc.com.ar\/index.php\/wp-json\/wp\/v2\/posts\/72604\/revisions"}],"wp:attachment":[{"href":"https:\/\/ic.tecnopc.com.ar\/index.php\/wp-json\/wp\/v2\/media?parent=72604"}],"wp:term":[{"taxonomy":"category","embeddable":true,"href":"https:\/\/ic.tecnopc.com.ar\/index.php\/wp-json\/wp\/v2\/categories?post=72604"},{"taxonomy":"post_tag","embeddable":true,"href":"https:\/\/ic.tecnopc.com.ar\/index.php\/wp-json\/wp\/v2\/tags?post=72604"}],"curies":[{"name":"wp","href":"https:\/\/api.w.org\/{rel}","templated":true}]}}