{"id":72605,"date":"2005-04-13T03:00:00","date_gmt":"2005-04-13T06:00:00","guid":{"rendered":"http:\/\/martineziuliano.com.ar\/web\/criticas-a-el-afip\/"},"modified":"2005-04-13T03:00:00","modified_gmt":"2005-04-13T06:00:00","slug":"criticas-a-el-afip","status":"publish","type":"post","link":"https:\/\/ic.tecnopc.com.ar\/index.php\/2005\/04\/13\/criticas-a-el-afip\/","title":{"rendered":"CR\u00cdTICAS A EL AFIP"},"content":{"rendered":"<div><span style=\"color: #3366ff;\">Contadores y empresarios PyMEs presentaron proyecto  alternativo para refinanciar deudas fiscales<\/span><\/div>\n<p>Buenos Aires, abril 12 (NA) &#8212; Entidades que agrupan a contadores y empresarios  pymes de todo el pa\u00eds presentaron hoy en el Congreso un proyecto alternativo al  programa oficial de refinanciaci\u00f3n de deudas fiscales denominado RAFA, al cual  consideraron &#8220;inviable e impagable&#8221;. <br \/>La nueva propuesta &#8220;beneficia a los  empresarios y al Estado&#8221;, se\u00f1alaron las entidades promotoras de la iniciativa ya  que, seg\u00fan estimaron, el monto de la deuda a refinanciar se reduce en un 40 por  ciento.<\/p>\n<p>\u00a0<\/p>\n<p>La iniciativa es impulsada por las federaciones de Consejos  Profesionales de Ciencias Econ\u00f3micas y de Graduados de Ciencias Econ\u00f3micas, la  Confederaci\u00f3n General de Profesionales, la Asociaci\u00f3n de Diarios del Interior, y  m\u00e1s de 100 dirigentes de CAME representando a 78 c\u00e1maras de todo el pa\u00eds.  <br \/>Busca reemplazar al RAFA aprobado recientemente por el Poder Ejecutivo, que  si bien estipula 120 cuotas para saldar los pasivos, contempla &#8220;una carga  elevad\u00edsima de intereses, y otros accesorios, que lo convierten en un r\u00e9gimen  impagable&#8221;, afirmaron los redactores de la nueva propuesta. <br \/>De acuerdo con  una estimaci\u00f3n de las entidades, sobre una deuda de 100.000 Pesos vencida en  enero de 2002 y refinanciada con el RAFA a 120 meses, un empresario termina  pagando un total de 301.657 Pesos. <br \/>Sin embargo, con el proyecto alternativo,  ese monto se reduce a solo 181.185 Pesos, es decir, 40 por ciento menos.  <br \/>Destacaron tambi\u00e9n que &#8220;no s\u00f3lo se benefician los empresarios sino tambi\u00e9n  la AFIP, que estar\u00e1 implementando un esquema cumplible en el mediano y largo  plazo y no, como sucede con el RAFA, que es un esquema de alto grado de adhesi\u00f3n  en el cort\u00edsimo plazo pero inviable en el futuro inmediato&#8221;. <br \/>El nuevo  proyecto reemplaza al r\u00e9gimen alternativo al RAFA propuesto el a\u00f1o anterior, que  si bien ten\u00eda la aprobaci\u00f3n un\u00e1nime de la comisi\u00f3n de Previsi\u00f3n y Seguridad  Social, y de las entidades pymes era fuertemente resistido por el Ejecutivo que  no coincid\u00eda con la forma de amortizaci\u00f3n del plan. <br \/>&#8220;La iniciativa  presentada hoy, adopta los mismos lineamientos de la \u00faltima moratoria de  aut\u00f3nomos y monotributistas, proyecto que fue enviado por el gobierno a la  Legislatura; se eximen adem\u00e1s de multas a las empresas y se reducen hasta 85 por  ciento los honorarios de los abogados&#8221;, indicaron las entidades. <br \/>Advirtieron  que en el plan oficial &#8220;como el contribuyente se encuentra obligado a ingresar  para levantar los embargos que pesan sobre sus cuentas, se corren dos peligros  que deben ser advertidos y evitados: al no eximir de multas, la AFIP le puede  cobrar al contribuyente multas sobre lo exteriorizado en el RAFA&#8221;. <br \/>Adem\u00e1s,  aseguraron que &#8220;la tasa de inter\u00e9s para la cancelaci\u00f3n de la deuda est\u00e1 sujeta a  la tasa de inter\u00e9s compensatoria que cobra la AFIP para la deuda corriente y si  hubiera un rebrote inflacionario, la tasa aumentar\u00eda, y subir\u00eda as\u00ed la deuda  regularizada&#8221;. <br \/>&#8220;Esto sumado a que se est\u00e1 cobrando una tasa de inter\u00e9s  inaceptable para cancelar deudas fiscales, equivalente al 45 por ciento anual,  que podr\u00eda derivar en que las empresas tomen cr\u00e9dito para cancelar sus deudas  con el Estado en lugar de tomarlo para invertir y desarrollar proyectos  productivos&#8221;, se\u00f1alaron.<\/p>\n<p>\u00a0<\/p>\n","protected":false},"excerpt":{"rendered":"<div><span style=\"color: #3366ff;\">Contadores y empresarios PyMEs presentaron proyecto  alternativo para refinanciar deudas fiscales<\/span><\/div>\n<p>Buenos Aires, abril 12 (NA) &#8212; Entidades que agrupan a contadores y empresarios  pymes de todo el pa\u00eds presentaron hoy en el Congreso un proyecto alternativo al  programa oficial de refinanciaci\u00f3n de deudas fiscales denominado RAFA, al cual  consideraron &#8220;inviable e impagable&#8221;. <br \/>La nueva propuesta &#8220;beneficia a los  empresarios y al Estado&#8221;, se\u00f1alaron las entidades promotoras de la iniciativa ya  que, seg\u00fan estimaron, el monto de la deuda a refinanciar se reduce en un 40 por  ciento.<\/p>\n<p>\u00a0<\/p>\n","protected":false},"author":1,"featured_media":0,"comment_status":"closed","ping_status":"open","sticky":false,"template":"","format":"standard","meta":{"footnotes":""},"categories":[3],"tags":[],"class_list":["post-72605","post","type-post","status-publish","format-standard","hentry","category-ultimas-noticias"],"_links":{"self":[{"href":"https:\/\/ic.tecnopc.com.ar\/index.php\/wp-json\/wp\/v2\/posts\/72605","targetHints":{"allow":["GET"]}}],"collection":[{"href":"https:\/\/ic.tecnopc.com.ar\/index.php\/wp-json\/wp\/v2\/posts"}],"about":[{"href":"https:\/\/ic.tecnopc.com.ar\/index.php\/wp-json\/wp\/v2\/types\/post"}],"author":[{"embeddable":true,"href":"https:\/\/ic.tecnopc.com.ar\/index.php\/wp-json\/wp\/v2\/users\/1"}],"replies":[{"embeddable":true,"href":"https:\/\/ic.tecnopc.com.ar\/index.php\/wp-json\/wp\/v2\/comments?post=72605"}],"version-history":[{"count":0,"href":"https:\/\/ic.tecnopc.com.ar\/index.php\/wp-json\/wp\/v2\/posts\/72605\/revisions"}],"wp:attachment":[{"href":"https:\/\/ic.tecnopc.com.ar\/index.php\/wp-json\/wp\/v2\/media?parent=72605"}],"wp:term":[{"taxonomy":"category","embeddable":true,"href":"https:\/\/ic.tecnopc.com.ar\/index.php\/wp-json\/wp\/v2\/categories?post=72605"},{"taxonomy":"post_tag","embeddable":true,"href":"https:\/\/ic.tecnopc.com.ar\/index.php\/wp-json\/wp\/v2\/tags?post=72605"}],"curies":[{"name":"wp","href":"https:\/\/api.w.org\/{rel}","templated":true}]}}