{"id":72627,"date":"2005-03-16T03:00:00","date_gmt":"2005-03-16T06:00:00","guid":{"rendered":"http:\/\/martineziuliano.com.ar\/web\/proyecto-de-suba-en-el-costo-laboral\/"},"modified":"2005-03-16T03:00:00","modified_gmt":"2005-03-16T06:00:00","slug":"proyecto-de-suba-en-el-costo-laboral","status":"publish","type":"post","link":"https:\/\/ic.tecnopc.com.ar\/index.php\/2005\/03\/16\/proyecto-de-suba-en-el-costo-laboral\/","title":{"rendered":"PROYECTO DE SUBA EN EL COSTO LABORAL"},"content":{"rendered":"<div><span style=\"color: #3366ff;\">Rechazos empresarios al proyecto de ley de riesgos del  trabajo que impulsa el Gobierno<\/span><\/div>\n<p>Buenos Aires, mar. 16 (NA) &#8212; El proyecto de ley de riesgos del trabajo, que  elabor\u00f3 el Gobierno y a\u00fan no fue remitido al Congreso, provoc\u00f3 un fuerte rechazo  entre empresarios, que se quejaron por la eliminaci\u00f3n del tope de las  indemnizaciones, uno de los puntos centrales de la norma.<\/p>\n<p>\u00a0<\/p>\n<p>El presidente de  la Asociaci\u00f3n de Industriales Metal\u00fargicos, Manfredo Arheit, se\u00f1al\u00f3 que &#8220;hoy es  imposible asumir una p\u00f3liza por fuera de las ART, as\u00ed que el riesgo al que  estamos expuestos es infinito&#8221;. <br \/>&#8220;El encarecimiento de costos terminar\u00e1  reflej\u00e1ndose en los precios y traslad\u00e1ndose a la inflaci\u00f3n&#8221;, advirti\u00f3 el  empresario, en declaraciones citadas en su edici\u00f3n de hoy por el matutino El  Cronista. <br \/>Por su parte, el secretario de la Uni\u00f3n Industrial Argentina, Juan  Carlos Sacco, asegur\u00f3: &#8220;haremos lo posible para evitar que prospere tal como  est\u00e1&#8221;. <br \/>Seg\u00fan el nuevo proyecto, se eliminan los topes en las  indemnizaciones, se establecen pisos sociales m\u00ednimos y se dispone que el  empleado que opta por recurrir a la ART frente a un accidente laboral, debe  desistir de entablar una demanda contra la empresa. <br \/>En Argentina, hay 5  millones de trabajadores comprendidos dentro del sistema de riesgos del trabajo<\/p>\n<p>\u00a0<\/p>\n","protected":false},"excerpt":{"rendered":"<div><span style=\"color: #3366ff;\">Rechazos empresarios al proyecto de ley de riesgos del  trabajo que impulsa el Gobierno<\/span><\/div>\n<p>Buenos Aires, mar. 16 (NA) &#8212; El proyecto de ley de riesgos del trabajo, que  elabor\u00f3 el Gobierno y a\u00fan no fue remitido al Congreso, provoc\u00f3 un fuerte rechazo  entre empresarios, que se quejaron por la eliminaci\u00f3n del tope de las  indemnizaciones, uno de los puntos centrales de la norma.<\/p>\n<p>\u00a0<\/p>\n","protected":false},"author":1,"featured_media":0,"comment_status":"closed","ping_status":"open","sticky":false,"template":"","format":"standard","meta":{"footnotes":""},"categories":[3],"tags":[],"class_list":["post-72627","post","type-post","status-publish","format-standard","hentry","category-ultimas-noticias"],"_links":{"self":[{"href":"https:\/\/ic.tecnopc.com.ar\/index.php\/wp-json\/wp\/v2\/posts\/72627","targetHints":{"allow":["GET"]}}],"collection":[{"href":"https:\/\/ic.tecnopc.com.ar\/index.php\/wp-json\/wp\/v2\/posts"}],"about":[{"href":"https:\/\/ic.tecnopc.com.ar\/index.php\/wp-json\/wp\/v2\/types\/post"}],"author":[{"embeddable":true,"href":"https:\/\/ic.tecnopc.com.ar\/index.php\/wp-json\/wp\/v2\/users\/1"}],"replies":[{"embeddable":true,"href":"https:\/\/ic.tecnopc.com.ar\/index.php\/wp-json\/wp\/v2\/comments?post=72627"}],"version-history":[{"count":0,"href":"https:\/\/ic.tecnopc.com.ar\/index.php\/wp-json\/wp\/v2\/posts\/72627\/revisions"}],"wp:attachment":[{"href":"https:\/\/ic.tecnopc.com.ar\/index.php\/wp-json\/wp\/v2\/media?parent=72627"}],"wp:term":[{"taxonomy":"category","embeddable":true,"href":"https:\/\/ic.tecnopc.com.ar\/index.php\/wp-json\/wp\/v2\/categories?post=72627"},{"taxonomy":"post_tag","embeddable":true,"href":"https:\/\/ic.tecnopc.com.ar\/index.php\/wp-json\/wp\/v2\/tags?post=72627"}],"curies":[{"name":"wp","href":"https:\/\/api.w.org\/{rel}","templated":true}]}}