{"id":72672,"date":"2005-01-11T03:00:00","date_gmt":"2005-01-11T06:00:00","guid":{"rendered":"http:\/\/martineziuliano.com.ar\/web\/doble-indemnizacion-prorroga\/"},"modified":"2005-01-11T03:00:00","modified_gmt":"2005-01-11T06:00:00","slug":"doble-indemnizacion-prorroga","status":"publish","type":"post","link":"https:\/\/ic.tecnopc.com.ar\/index.php\/2005\/01\/11\/doble-indemnizacion-prorroga\/","title":{"rendered":"DOBLE INDEMNIZACION: PRORROGA"},"content":{"rendered":"<div><span style=\"color: #3366ff;\">El gobierno prorroga la doble indemnizaci\u00f3n por despido hasta  fines de 2005<\/span><\/div>\n<p>Buenos Aires, ene. 6 (NA) &#8212; El gobierno se dispone a publicar en el Bolet\u00edn  Oficial el decreto que prorroga por un a\u00f1o la doble indemnizaci\u00f3n por despido  sin causa, ya que reci\u00e9n eliminar\u00e1 esa medida cuando la desocupaci\u00f3n baje del 10  por ciento. <br \/>El decreto elaborado por la cartera laboral establece que a  partir del primero de enero del 2005 los empleadores deber\u00e1n abonar a los  trabajadores afectados un 80 por ciento adicional por sobre los montos  indemnizatorios que les correspondan en caso de que el despido sea sin causa.<\/p>\n<p>A los efectos del c\u00e1lculo de la indemnizaci\u00f3n, el porcentaje adicional  comprende todos los rubros originados con motivo de la extinci\u00f3n del contrato de  trabajo. <br \/>El gobierno ya hab\u00eda reducido en un 20 por ciento el monto incluido  en el r\u00e9gimen de doble indemnizaci\u00f3n, a ra\u00edz de la baja en el \u00edndice de  desempleo. <br \/>Pero se justifica la postergaci\u00f3n del r\u00e9gimen de doble  indemnizaci\u00f3n en que &#8220;si bien hasta la fecha la tasa de desocupaci\u00f3n continu\u00f3  registrando sostenidamente descensos, tal disminuci\u00f3n no ha alcanzado a\u00fan un  nivel que amerite disponer una nueva reducci\u00f3n del quantum indemnizatorio&#8221;.  <br \/>Por ahora, si un empleador decide despedir a un trabajador deber\u00e1 pagarle el  180 por ciento del monto indemnizatorio correspondiente, aunque el decreto deja  abierta la puerta para una reducci\u00f3n de esa al\u00edcuota que acompa\u00f1e la ca\u00edda que  vienen mostrando los \u00edndices de desempleo. <br \/>Desde c\u00e1maras empresarias, como  la UIA, se viene reclamando hace tiempo la eliminaci\u00f3n de esta medida, ya que  consideran que la emergencia econ\u00f3mica de 2002 fue superada. <br \/>Como ejemplo de  ello, se\u00f1alan que la econom\u00eda crecer\u00e1 8 por ciento en 2004, y el a\u00f1o anterior se  recuper\u00f3 casi 11 por ciento. <br \/>El gobierno anunci\u00f3 que la doble indemnizaci\u00f3n  desaparecer\u00e1 cuando el indicador del desempleo, que en septiembre pasado fue de  13,2 por ciento, perfore la barrera del 10 por ciento.<\/p>\n<p>\u00a0<\/p>\n","protected":false},"excerpt":{"rendered":"<div><span style=\"color: #3366ff;\">El gobierno prorroga la doble indemnizaci\u00f3n por despido hasta  fines de 2005<\/span><\/div>\n<p>Buenos Aires, ene. 6 (NA) &#8212; El gobierno se dispone a publicar en el Bolet\u00edn  Oficial el decreto que prorroga por un a\u00f1o la doble indemnizaci\u00f3n por despido  sin causa, ya que reci\u00e9n eliminar\u00e1 esa medida cuando la desocupaci\u00f3n baje del 10  por ciento. <br \/>El decreto elaborado por la cartera laboral establece que a  partir del primero de enero del 2005 los empleadores deber\u00e1n abonar a los  trabajadores afectados un 80 por ciento adicional por sobre los montos  indemnizatorios que les correspondan en caso de que el despido sea sin causa.<\/p>\n","protected":false},"author":1,"featured_media":0,"comment_status":"closed","ping_status":"open","sticky":false,"template":"","format":"standard","meta":{"footnotes":""},"categories":[3],"tags":[],"class_list":["post-72672","post","type-post","status-publish","format-standard","hentry","category-ultimas-noticias"],"_links":{"self":[{"href":"https:\/\/ic.tecnopc.com.ar\/index.php\/wp-json\/wp\/v2\/posts\/72672","targetHints":{"allow":["GET"]}}],"collection":[{"href":"https:\/\/ic.tecnopc.com.ar\/index.php\/wp-json\/wp\/v2\/posts"}],"about":[{"href":"https:\/\/ic.tecnopc.com.ar\/index.php\/wp-json\/wp\/v2\/types\/post"}],"author":[{"embeddable":true,"href":"https:\/\/ic.tecnopc.com.ar\/index.php\/wp-json\/wp\/v2\/users\/1"}],"replies":[{"embeddable":true,"href":"https:\/\/ic.tecnopc.com.ar\/index.php\/wp-json\/wp\/v2\/comments?post=72672"}],"version-history":[{"count":0,"href":"https:\/\/ic.tecnopc.com.ar\/index.php\/wp-json\/wp\/v2\/posts\/72672\/revisions"}],"wp:attachment":[{"href":"https:\/\/ic.tecnopc.com.ar\/index.php\/wp-json\/wp\/v2\/media?parent=72672"}],"wp:term":[{"taxonomy":"category","embeddable":true,"href":"https:\/\/ic.tecnopc.com.ar\/index.php\/wp-json\/wp\/v2\/categories?post=72672"},{"taxonomy":"post_tag","embeddable":true,"href":"https:\/\/ic.tecnopc.com.ar\/index.php\/wp-json\/wp\/v2\/tags?post=72672"}],"curies":[{"name":"wp","href":"https:\/\/api.w.org\/{rel}","templated":true}]}}