{"id":72674,"date":"2005-01-11T03:00:00","date_gmt":"2005-01-11T06:00:00","guid":{"rendered":"http:\/\/martineziuliano.com.ar\/web\/refinanciacion-productores\/"},"modified":"2005-01-11T03:00:00","modified_gmt":"2005-01-11T06:00:00","slug":"refinanciacion-productores","status":"publish","type":"post","link":"https:\/\/ic.tecnopc.com.ar\/index.php\/2005\/01\/11\/refinanciacion-productores\/","title":{"rendered":"REFINANCIACION PRODUCTORES"},"content":{"rendered":"<div><span style=\"color: #3366ff;\">Banco Naci\u00f3n prorrog\u00f3 hasta fines de febrero el plazo para  que productores adhieran a plan de refinanciaci\u00f3n de pasivos<\/span><\/div>\n<div>Buenos Aires, ene. 7 (NA) &#8212; El Banco Naci\u00f3n prorrog\u00f3 hasta fines de febrero  pr\u00f3ximo el plazo para que los productores agropecuarios presenten las  solicitudes para adherir al r\u00e9gimen de reprogramaci\u00f3n de pasivos. <br \/>Esta  refinanciaci\u00f3n est\u00e1 dirigida a regularizar la situaci\u00f3n de aquellos peque\u00f1os  productores del sector que posean deudas cuyos saldos contables no superen los  200.000 Pesos, vencidas e impagas por m\u00e1s de 30 meses al 31 de diciembre de  2001, que permanezcan en mora al 30 de junio de 2004. <br \/>La adhesi\u00f3n a esta  reprogramaci\u00f3n permitir\u00e1 refinanciar las deudas mediante un pago inicial del 10  por ciento, a un plazo de 10 a\u00f1os, devengando intereses a la tasa de inter\u00e9s de  cartera general bonificada en un 30 por ciento por parte del Naci\u00f3n, m\u00e1s un plus  de bonificaci\u00f3n consistente en 3 puntos porcentuales, aportados por la  Secretar\u00eda de Agricultura. <br \/>Estas bonificaciones est\u00e1n sujetas al buen  cumplimiento en el pago de los servicios por parte de los deudores. <br \/>Adem\u00e1s,  se invit\u00f3 a los respectivos gobiernos provinciales a participar en la  bonificaci\u00f3n de las tasas, habi\u00e9ndose comprometido hasta la fecha la gobernaci\u00f3n  de la provincia de La Rioja.<\/div>\n","protected":false},"excerpt":{"rendered":"<div><span style=\"color: #3366ff;\">Banco Naci\u00f3n prorrog\u00f3 hasta fines de febrero el plazo para  que productores adhieran a plan de refinanciaci\u00f3n de pasivos<\/span><\/div>\n<div>Buenos Aires, ene. 7 (NA) &#8212; El Banco Naci\u00f3n prorrog\u00f3 hasta fines de febrero  pr\u00f3ximo el plazo para que los productores agropecuarios presenten las  solicitudes para adherir al r\u00e9gimen de reprogramaci\u00f3n de pasivos. <br \/>Esta  refinanciaci\u00f3n est\u00e1 dirigida a regularizar la situaci\u00f3n de aquellos peque\u00f1os  productores del sector que posean deudas cuyos saldos contables no superen los  200.000 Pesos, vencidas e impagas por m\u00e1s de 30 meses al 31 de diciembre de  2001, que permanezcan en mora al 30 de junio de 2004.<\/p>\n","protected":false},"author":1,"featured_media":0,"comment_status":"closed","ping_status":"open","sticky":false,"template":"","format":"standard","meta":{"footnotes":""},"categories":[3],"tags":[],"class_list":["post-72674","post","type-post","status-publish","format-standard","hentry","category-ultimas-noticias"],"_links":{"self":[{"href":"https:\/\/ic.tecnopc.com.ar\/index.php\/wp-json\/wp\/v2\/posts\/72674","targetHints":{"allow":["GET"]}}],"collection":[{"href":"https:\/\/ic.tecnopc.com.ar\/index.php\/wp-json\/wp\/v2\/posts"}],"about":[{"href":"https:\/\/ic.tecnopc.com.ar\/index.php\/wp-json\/wp\/v2\/types\/post"}],"author":[{"embeddable":true,"href":"https:\/\/ic.tecnopc.com.ar\/index.php\/wp-json\/wp\/v2\/users\/1"}],"replies":[{"embeddable":true,"href":"https:\/\/ic.tecnopc.com.ar\/index.php\/wp-json\/wp\/v2\/comments?post=72674"}],"version-history":[{"count":0,"href":"https:\/\/ic.tecnopc.com.ar\/index.php\/wp-json\/wp\/v2\/posts\/72674\/revisions"}],"wp:attachment":[{"href":"https:\/\/ic.tecnopc.com.ar\/index.php\/wp-json\/wp\/v2\/media?parent=72674"}],"wp:term":[{"taxonomy":"category","embeddable":true,"href":"https:\/\/ic.tecnopc.com.ar\/index.php\/wp-json\/wp\/v2\/categories?post=72674"},{"taxonomy":"post_tag","embeddable":true,"href":"https:\/\/ic.tecnopc.com.ar\/index.php\/wp-json\/wp\/v2\/tags?post=72674"}],"curies":[{"name":"wp","href":"https:\/\/api.w.org\/{rel}","templated":true}]}}