{"id":72679,"date":"2004-12-28T03:00:00","date_gmt":"2004-12-28T06:00:00","guid":{"rendered":"http:\/\/martineziuliano.com.ar\/web\/prorroga-rafa\/"},"modified":"2004-12-28T03:00:00","modified_gmt":"2004-12-28T06:00:00","slug":"prorroga-rafa","status":"publish","type":"post","link":"https:\/\/ic.tecnopc.com.ar\/index.php\/2004\/12\/28\/prorroga-rafa\/","title":{"rendered":"PRORROGA RAFA"},"content":{"rendered":"<div>\n<div><span style=\"color: #3366ff;\">Extienden hasta el 28 de febrero el plazo para adherirse al  r\u00e9gimen de regularizaci\u00f3n impositiva<\/span><\/div>\n<\/p><\/div>\n<div>La Administraci\u00f3n Federal de Ingresos P\u00fablicos (AFIP)  extendi\u00f3 hasta el 28 de febrero pr\u00f3ximo el plazo para adherirse al R\u00e9gimen de  Asistencia Financiera (RAFA). <br \/>De esta manera, por segunda vez, el organismo  recaudador decidi\u00f3 prorrogar el vencimiento de este programa destinado  principalmente a la regularizaci\u00f3n impositiva de peque\u00f1as y medianas empresas.  <br \/>El primer vencimiento del programa se produjo el 30 de setiembre pasado,  pero luego fue extendido hasta el 31 de diciembre. <br \/>A trav\u00e9s de este  programa, las empresas puedan pedir la suspensi\u00f3n de acciones judiciales y  levantamiento de embargos bancarios. <br \/>Sin embargo, este r\u00e9gimen gener\u00f3 un  sinf\u00edn de cr\u00edticas entre empresarios por considerarlo insuficiente para hacer  frente a las deudas impositivas.<\/div>\n","protected":false},"excerpt":{"rendered":"<div>\n<div><span style=\"color: #3366ff;\">Extienden hasta el 28 de febrero el plazo para adherirse al  r\u00e9gimen de regularizaci\u00f3n impositiva<\/span><\/div>\n<\/p><\/div>\n<div>La Administraci\u00f3n Federal de Ingresos P\u00fablicos (AFIP)  extendi\u00f3 hasta el 28 de febrero pr\u00f3ximo el plazo para adherirse al R\u00e9gimen de  Asistencia Financiera (RAFA).<\/p>\n","protected":false},"author":1,"featured_media":0,"comment_status":"closed","ping_status":"open","sticky":false,"template":"","format":"standard","meta":{"footnotes":""},"categories":[3],"tags":[],"class_list":["post-72679","post","type-post","status-publish","format-standard","hentry","category-ultimas-noticias"],"_links":{"self":[{"href":"https:\/\/ic.tecnopc.com.ar\/index.php\/wp-json\/wp\/v2\/posts\/72679","targetHints":{"allow":["GET"]}}],"collection":[{"href":"https:\/\/ic.tecnopc.com.ar\/index.php\/wp-json\/wp\/v2\/posts"}],"about":[{"href":"https:\/\/ic.tecnopc.com.ar\/index.php\/wp-json\/wp\/v2\/types\/post"}],"author":[{"embeddable":true,"href":"https:\/\/ic.tecnopc.com.ar\/index.php\/wp-json\/wp\/v2\/users\/1"}],"replies":[{"embeddable":true,"href":"https:\/\/ic.tecnopc.com.ar\/index.php\/wp-json\/wp\/v2\/comments?post=72679"}],"version-history":[{"count":0,"href":"https:\/\/ic.tecnopc.com.ar\/index.php\/wp-json\/wp\/v2\/posts\/72679\/revisions"}],"wp:attachment":[{"href":"https:\/\/ic.tecnopc.com.ar\/index.php\/wp-json\/wp\/v2\/media?parent=72679"}],"wp:term":[{"taxonomy":"category","embeddable":true,"href":"https:\/\/ic.tecnopc.com.ar\/index.php\/wp-json\/wp\/v2\/categories?post=72679"},{"taxonomy":"post_tag","embeddable":true,"href":"https:\/\/ic.tecnopc.com.ar\/index.php\/wp-json\/wp\/v2\/tags?post=72679"}],"curies":[{"name":"wp","href":"https:\/\/api.w.org\/{rel}","templated":true}]}}