{"id":74856,"date":"2019-07-02T10:56:35","date_gmt":"2019-07-02T13:56:35","guid":{"rendered":"https:\/\/iulianocooreman.com.ar\/es\/?p=74856"},"modified":"2019-07-02T10:56:35","modified_gmt":"2019-07-02T13:56:35","slug":"servicio-domestico-aumento","status":"publish","type":"post","link":"https:\/\/ic.tecnopc.com.ar\/index.php\/2019\/07\/02\/servicio-domestico-aumento\/","title":{"rendered":"SERVICIO DOM\u00c9STICO: AUMENTO"},"content":{"rendered":"<p style=\"text-align: justify;\"><span style=\"font-size: 12pt; color: #3366ff; font-family: verdana, geneva, sans-serif;\">Desde Junio, la Mesa Salarial de la Comisi\u00f3n Nacional de Trabajo en Casas Particulares acord\u00f3 incrementar las escalas salariales del personal dom\u00e9stico de todo el pa\u00eds un 30%.<\/span><!--more--><\/p>\n<p style=\"text-align: justify;\"><span style=\"font-size: 12pt; font-family: verdana, geneva, sans-serif;\">Esto se har\u00e1 efectivo en tres tramos a partir de junio: desde el 1 de junio se aplicar\u00e1 un aumento del 10%, con impacto sobre el medio aguinaldo.\u00a0<\/span><\/p>\n<p style=\"text-align: justify;\"><span style=\"font-size: 12pt; font-family: verdana, geneva, sans-serif;\">El segundo tramo, tambi\u00e9n de 10%, impactar\u00e1 desde el 1 de agosto; y el tercero, de otros 10 puntos, a partir del 1 de noviembre.<\/span><\/p>\n<p style=\"text-align: justify;\"><span style=\"font-size: 12pt; font-family: verdana, geneva, sans-serif;\">Adem\u00e1s, habr\u00e1 una cl\u00e1usula de revisi\u00f3n en febrero de 2020.<\/span><\/p>\n<p style=\"text-align: justify;\"><span style=\"font-size: 12pt; font-family: verdana, geneva, sans-serif;\">Las trabajadoras de casas de familia ya hab\u00edan conseguido un aumento del 15% en marzo, retroactivo al a\u00f1o pasado, y un 3% de la paritaria de 2018, por lo que totalizan una suba del 48% anual.<\/span><\/p>\n<p style=\"text-align: justify;\"><span style=\"font-size: 12pt; font-family: verdana, geneva, sans-serif;\">Se solicit\u00f3 y acepto un adicional remunerativo por antig\u00fcedad que est\u00e1 sujeto a un dictamen t\u00e9cnico de la Asesor\u00eda Legal de la Naci\u00f3n para antes del 15 de Julio de este a\u00f1o.<\/span><\/p>\n<p style=\"text-align: justify;\"><span style=\"font-size: 12pt; font-family: verdana, geneva, sans-serif;\">Contin\u00faa el 25% por zona desfavorable para el sur del pa\u00eds hasta febrero del 2020 en que estar\u00e1 sujeto a revisi\u00f3n para solicitar aumentarlo.<\/span><\/p>\n<p>&nbsp;<\/p>\n","protected":false},"excerpt":{"rendered":"<p>Desde Junio, la Mesa Salarial de la Comisi\u00f3n Nacional de Trabajo en Casas Particulares acord\u00f3 incrementar las escalas salariales del personal dom\u00e9stico de todo el pa\u00eds un 30%.<\/p>\n","protected":false},"author":1,"featured_media":0,"comment_status":"closed","ping_status":"open","sticky":false,"template":"","format":"standard","meta":{"footnotes":""},"categories":[3],"tags":[],"class_list":["post-74856","post","type-post","status-publish","format-standard","hentry","category-ultimas-noticias"],"_links":{"self":[{"href":"https:\/\/ic.tecnopc.com.ar\/index.php\/wp-json\/wp\/v2\/posts\/74856","targetHints":{"allow":["GET"]}}],"collection":[{"href":"https:\/\/ic.tecnopc.com.ar\/index.php\/wp-json\/wp\/v2\/posts"}],"about":[{"href":"https:\/\/ic.tecnopc.com.ar\/index.php\/wp-json\/wp\/v2\/types\/post"}],"author":[{"embeddable":true,"href":"https:\/\/ic.tecnopc.com.ar\/index.php\/wp-json\/wp\/v2\/users\/1"}],"replies":[{"embeddable":true,"href":"https:\/\/ic.tecnopc.com.ar\/index.php\/wp-json\/wp\/v2\/comments?post=74856"}],"version-history":[{"count":0,"href":"https:\/\/ic.tecnopc.com.ar\/index.php\/wp-json\/wp\/v2\/posts\/74856\/revisions"}],"wp:attachment":[{"href":"https:\/\/ic.tecnopc.com.ar\/index.php\/wp-json\/wp\/v2\/media?parent=74856"}],"wp:term":[{"taxonomy":"category","embeddable":true,"href":"https:\/\/ic.tecnopc.com.ar\/index.php\/wp-json\/wp\/v2\/categories?post=74856"},{"taxonomy":"post_tag","embeddable":true,"href":"https:\/\/ic.tecnopc.com.ar\/index.php\/wp-json\/wp\/v2\/tags?post=74856"}],"curies":[{"name":"wp","href":"https:\/\/api.w.org\/{rel}","templated":true}]}}