{"id":74870,"date":"2019-07-23T08:42:42","date_gmt":"2019-07-23T11:42:42","guid":{"rendered":"https:\/\/iulianocooreman.com.ar\/es\/?p=74870"},"modified":"2019-07-23T08:42:42","modified_gmt":"2019-07-23T11:42:42","slug":"retenciones-afip-nuevos-montos","status":"publish","type":"post","link":"https:\/\/ic.tecnopc.com.ar\/index.php\/2019\/07\/23\/retenciones-afip-nuevos-montos\/","title":{"rendered":"RETENCIONES AFIP: NUEVOS MONTOS"},"content":{"rendered":"<p style=\"text-align: justify;\"><span style=\"font-size: 12pt; font-family: verdana, geneva; color: #3366ff;\">Se establecen modificaciones, a partir del 1\u00b0\/08\/2019, al r\u00e9gimen general de retenci\u00f3n del impuesto, con aplicaci\u00f3n a pagos que se realicen.<\/span><!--more--><\/p>\n<p style=\"text-align: justify;\"><span style=\"font-size: 12pt; font-family: verdana, geneva;\">Se incrementan en aproximadamente un 60 % los montos no sujetos a retenci\u00f3n que se aplican a los sujetos inscriptos en el impuesto, manteni\u00e9ndose en $ 10.000.- el monto no sujeto a retenci\u00f3n para los derechos de autor.\u00a0<\/span><\/p>\n<p style=\"text-align: justify;\"><span style=\"font-size: 12pt; font-family: verdana, geneva;\">Por otra parte, se incrementa de $ 150.- a $ 240.- el importe m\u00ednimo de retenci\u00f3n, y de $ 650.- a $ 1.020.- cuando se trate de alquileres de inmuebles urbanos percibidos por beneficiarios no inscriptos en ganancias -art. 29-.\u00a0<\/span><\/p>\n<p style=\"text-align: justify;\"><span style=\"font-size: 12pt; font-family: verdana, geneva;\">Las presentes disposiciones ser\u00e1n de aplicaci\u00f3n a los pagos que se efect\u00faen a partir del 1\u00b0\/08\/2019, inclusive, aun cuando correspondan a operaciones realizadas con anterioridad a dicha fecha.<\/span><\/p>\n<p style=\"text-align: justify;\"><span style=\"font-size: 12pt; font-family: verdana, geneva;\">Las escalas y al\u00edcuotas figuran en p\u00e1gina de AFIP o en nuestra p\u00e1gina en el link de AFIP, dentro de la Resoluci\u00f3n General N\u00b0 4525.<\/span><\/p>\n<p style=\"text-align: justify;\">\n","protected":false},"excerpt":{"rendered":"<p>Se establecen modificaciones, a partir del 1\u00b0\/08\/2019, al r\u00e9gimen general de retenci\u00f3n del impuesto, con aplicaci\u00f3n a pagos que se realicen.<\/p>\n","protected":false},"author":1,"featured_media":0,"comment_status":"closed","ping_status":"open","sticky":false,"template":"","format":"standard","meta":{"footnotes":""},"categories":[3],"tags":[],"class_list":["post-74870","post","type-post","status-publish","format-standard","hentry","category-ultimas-noticias"],"_links":{"self":[{"href":"https:\/\/ic.tecnopc.com.ar\/index.php\/wp-json\/wp\/v2\/posts\/74870","targetHints":{"allow":["GET"]}}],"collection":[{"href":"https:\/\/ic.tecnopc.com.ar\/index.php\/wp-json\/wp\/v2\/posts"}],"about":[{"href":"https:\/\/ic.tecnopc.com.ar\/index.php\/wp-json\/wp\/v2\/types\/post"}],"author":[{"embeddable":true,"href":"https:\/\/ic.tecnopc.com.ar\/index.php\/wp-json\/wp\/v2\/users\/1"}],"replies":[{"embeddable":true,"href":"https:\/\/ic.tecnopc.com.ar\/index.php\/wp-json\/wp\/v2\/comments?post=74870"}],"version-history":[{"count":0,"href":"https:\/\/ic.tecnopc.com.ar\/index.php\/wp-json\/wp\/v2\/posts\/74870\/revisions"}],"wp:attachment":[{"href":"https:\/\/ic.tecnopc.com.ar\/index.php\/wp-json\/wp\/v2\/media?parent=74870"}],"wp:term":[{"taxonomy":"category","embeddable":true,"href":"https:\/\/ic.tecnopc.com.ar\/index.php\/wp-json\/wp\/v2\/categories?post=74870"},{"taxonomy":"post_tag","embeddable":true,"href":"https:\/\/ic.tecnopc.com.ar\/index.php\/wp-json\/wp\/v2\/tags?post=74870"}],"curies":[{"name":"wp","href":"https:\/\/api.w.org\/{rel}","templated":true}]}}