{"id":74905,"date":"2019-09-12T08:09:47","date_gmt":"2019-09-12T11:09:47","guid":{"rendered":"https:\/\/iulianocooreman.com.ar\/es\/?p=74905"},"modified":"2019-09-12T08:09:47","modified_gmt":"2019-09-12T11:09:47","slug":"feriado-sindical-puente","status":"publish","type":"post","link":"https:\/\/ic.tecnopc.com.ar\/index.php\/2019\/09\/12\/feriado-sindical-puente\/","title":{"rendered":"FERIADO SINDICAL \u201cPUENTE\u201d"},"content":{"rendered":"<p style=\"text-align: justify;\"><span style=\"font-family: verdana, geneva, sans-serif;\"><span style=\"font-size: 12pt; color: #3366ff;\">El d\u00eda del empleado de comercio,\u00a0 se trasladar\u00eda por acuerdo entre sindicato y c\u00e1maras.<\/span><!--more--><\/span><\/p>\n<p style=\"text-align: justify;\"><span style=\"font-size: 12pt; font-family: verdana, geneva, sans-serif;\">Las partes signatarias del CCT 130\/75 acordaron el traslado del jueves 26 de septiembre, fecha en la que se celebra el D\u00eda del Empleado de Comercio, al lunes 23 de septiembre. El acuerdo est\u00e1 pendiente de homologaci\u00f3n.<\/span><\/p>\n<p>&nbsp;<\/p>\n","protected":false},"excerpt":{"rendered":"<p>El d\u00eda del empleado de comercio,\u00a0 se trasladar\u00eda por acuerdo entre sindicato y c\u00e1maras.<\/p>\n","protected":false},"author":1,"featured_media":0,"comment_status":"closed","ping_status":"open","sticky":false,"template":"","format":"standard","meta":{"footnotes":""},"categories":[3],"tags":[],"class_list":["post-74905","post","type-post","status-publish","format-standard","hentry","category-ultimas-noticias"],"_links":{"self":[{"href":"https:\/\/ic.tecnopc.com.ar\/index.php\/wp-json\/wp\/v2\/posts\/74905","targetHints":{"allow":["GET"]}}],"collection":[{"href":"https:\/\/ic.tecnopc.com.ar\/index.php\/wp-json\/wp\/v2\/posts"}],"about":[{"href":"https:\/\/ic.tecnopc.com.ar\/index.php\/wp-json\/wp\/v2\/types\/post"}],"author":[{"embeddable":true,"href":"https:\/\/ic.tecnopc.com.ar\/index.php\/wp-json\/wp\/v2\/users\/1"}],"replies":[{"embeddable":true,"href":"https:\/\/ic.tecnopc.com.ar\/index.php\/wp-json\/wp\/v2\/comments?post=74905"}],"version-history":[{"count":0,"href":"https:\/\/ic.tecnopc.com.ar\/index.php\/wp-json\/wp\/v2\/posts\/74905\/revisions"}],"wp:attachment":[{"href":"https:\/\/ic.tecnopc.com.ar\/index.php\/wp-json\/wp\/v2\/media?parent=74905"}],"wp:term":[{"taxonomy":"category","embeddable":true,"href":"https:\/\/ic.tecnopc.com.ar\/index.php\/wp-json\/wp\/v2\/categories?post=74905"},{"taxonomy":"post_tag","embeddable":true,"href":"https:\/\/ic.tecnopc.com.ar\/index.php\/wp-json\/wp\/v2\/tags?post=74905"}],"curies":[{"name":"wp","href":"https:\/\/api.w.org\/{rel}","templated":true}]}}