{"id":74932,"date":"2019-10-04T13:06:23","date_gmt":"2019-10-04T16:06:23","guid":{"rendered":"https:\/\/iulianocooreman.com.ar\/es\/?p=74932"},"modified":"2019-10-04T13:06:23","modified_gmt":"2019-10-04T16:06:23","slug":"importante-se-pueden-pagar-cargas-sociales-con-iva","status":"publish","type":"post","link":"https:\/\/ic.tecnopc.com.ar\/index.php\/2019\/10\/04\/importante-se-pueden-pagar-cargas-sociales-con-iva\/","title":{"rendered":"IMPORTANTE: SE PUEDEN PAGAR CARGAS SOCIALES CON IVA"},"content":{"rendered":"<h4 style=\"text-align: justify;\"><span style=\"font-weight: 400; font-family: verdana, geneva, sans-serif; color: #3366ff;\">Es s\u00f3lo para MICRO y PEQUE\u00d1AS Empresas. Aplica s\u00f3lo para Contribuciones SUSS (No aportes) y tiene como tope no m\u00e1s del 20% de esas contribuciones.<\/span><!--more--><\/h4>\n<p style=\"text-align: justify;\"><span style=\"font-weight: 400; font-family: verdana, geneva, sans-serif;\">Los contribuyentes que sean Micro o Peque\u00f1as Empresas, inscriptos en el \u201cRegistro de Empresas MiPyMES\u201d, podr\u00e1n afectar el saldo a favor de libre disponibilidad del impuesto al valor agregado registrado en el sistema de \u201cCuentas Tributarias\u201d a la cancelaci\u00f3n de las contribuciones de la seguridad social -c\u00f3digo de impuesto 351-.<\/span><\/p>\n<p style=\"text-align: justify;\"><span style=\"font-weight: 400; font-family: verdana, geneva, sans-serif;\">Ser\u00e1 condici\u00f3n excluyente para realizar la solicitud de afectaci\u00f3n que se encuentren presentadas las declaraciones juradas tanto de IVA como de SUSS.<\/span><\/p>\n<p style=\"text-align: justify;\"><span style=\"font-weight: 400; font-family: verdana, geneva, sans-serif;\">El tope respecto de las contribuciones de la seguridad social para el per\u00edodo mensual inmediato anterior a la fecha de la solicitud, y no podr\u00e1 superar el VEINTE POR CIENTO (20%) del monto total de las aludidas contribuciones ni el importe adeudado por las mismas.<\/span><\/p>\n<p style=\"text-align: justify;\"><span style=\"font-weight: 400; font-family: verdana, geneva, sans-serif;\">La solicitud de afectaci\u00f3n podr\u00e1 realizarse desde el d\u00eda 7 de octubre de 2019 hasta el d\u00eda 31 de octubre de 2019, ambas fechas inclusive.<\/span><\/p>\n","protected":false},"excerpt":{"rendered":"<p>Es s\u00f3lo para MICRO y PEQUE\u00d1AS Empresas. Aplica s\u00f3lo para Contribuciones SUSS (No aportes) y tiene como tope no m\u00e1s del 20% de esas contribuciones.<\/p>\n","protected":false},"author":1,"featured_media":0,"comment_status":"closed","ping_status":"open","sticky":false,"template":"","format":"standard","meta":{"footnotes":""},"categories":[3],"tags":[],"class_list":["post-74932","post","type-post","status-publish","format-standard","hentry","category-ultimas-noticias"],"_links":{"self":[{"href":"https:\/\/ic.tecnopc.com.ar\/index.php\/wp-json\/wp\/v2\/posts\/74932","targetHints":{"allow":["GET"]}}],"collection":[{"href":"https:\/\/ic.tecnopc.com.ar\/index.php\/wp-json\/wp\/v2\/posts"}],"about":[{"href":"https:\/\/ic.tecnopc.com.ar\/index.php\/wp-json\/wp\/v2\/types\/post"}],"author":[{"embeddable":true,"href":"https:\/\/ic.tecnopc.com.ar\/index.php\/wp-json\/wp\/v2\/users\/1"}],"replies":[{"embeddable":true,"href":"https:\/\/ic.tecnopc.com.ar\/index.php\/wp-json\/wp\/v2\/comments?post=74932"}],"version-history":[{"count":0,"href":"https:\/\/ic.tecnopc.com.ar\/index.php\/wp-json\/wp\/v2\/posts\/74932\/revisions"}],"wp:attachment":[{"href":"https:\/\/ic.tecnopc.com.ar\/index.php\/wp-json\/wp\/v2\/media?parent=74932"}],"wp:term":[{"taxonomy":"category","embeddable":true,"href":"https:\/\/ic.tecnopc.com.ar\/index.php\/wp-json\/wp\/v2\/categories?post=74932"},{"taxonomy":"post_tag","embeddable":true,"href":"https:\/\/ic.tecnopc.com.ar\/index.php\/wp-json\/wp\/v2\/tags?post=74932"}],"curies":[{"name":"wp","href":"https:\/\/api.w.org\/{rel}","templated":true}]}}