{"id":74983,"date":"2019-12-05T10:35:37","date_gmt":"2019-12-05T13:35:37","guid":{"rendered":"https:\/\/iulianocooreman.com.ar\/es\/?p=74983"},"modified":"2019-12-05T10:35:37","modified_gmt":"2019-12-05T13:35:37","slug":"suspension-de-embargos-solo-para-mypymes","status":"publish","type":"post","link":"https:\/\/ic.tecnopc.com.ar\/index.php\/2019\/12\/05\/suspension-de-embargos-solo-para-mypymes\/","title":{"rendered":"SUSPENSI\u00d3N DE EMBARGOS: SOLO PARA MYPYMES"},"content":{"rendered":"<p style=\"text-align: justify;\"><span style=\"font-family: verdana, geneva, sans-serif; color: #3366ff;\"><span style=\"font-weight: 400;\">Se prorrog\u00f3 hasta el 31 de diciembre de 2019, inclusive, el plazo de suspensi\u00f3n de la traba de medidas cautelares pero <\/span><span style=\"font-weight: 400;\">rige s\u00f3lo para las Micro, Peque\u00f1as y Medianas Empresas inscriptas<\/span><span style=\"font-weight: 400;\"> en el Registro de Empresas MiPyMES y para las que se encuentren caracterizadas en el Sistema Registral como \u201cPotencial Micro, Peque\u00f1a y Mediana Empresa &#8211; Tramo I y II\u201d.<\/span><\/span><!--more--><\/p>\n<p style=\"text-align: justify;\"><span style=\"font-weight: 400; font-family: verdana, geneva, sans-serif;\">Finalizado este nuevo plazo, y en caso de corresponder, la traba de medidas cautelares afectadas por la suspensi\u00f3n se efectuar\u00e1 en forma progresiva entre los meses de enero de 2020 y abril de 2020, ambos inclusive.<\/span><\/p>\n<p style=\"text-align: justify;\"><span style=\"font-weight: 400; font-family: verdana, geneva, sans-serif;\">El plazo anterior de la suspensi\u00f3n ten\u00eda vigencia hasta el 30 de noviembre de este a\u00f1o.<\/span><\/p>\n","protected":false},"excerpt":{"rendered":"<p>Se prorrog\u00f3 hasta el 31 de diciembre de 2019, inclusive, el plazo de suspensi\u00f3n de la traba de medidas cautelares pero rige s\u00f3lo para las Micro, Peque\u00f1as y Medianas Empresas inscriptas en el Registro de Empresas MiPyMES y para las que se encuentren caracterizadas en el Sistema Registral como \u201cPotencial Micro, Peque\u00f1a y Mediana Empresa &#8211; Tramo I y II\u201d.<\/p>\n","protected":false},"author":1,"featured_media":0,"comment_status":"closed","ping_status":"open","sticky":false,"template":"","format":"standard","meta":{"footnotes":""},"categories":[3],"tags":[],"class_list":["post-74983","post","type-post","status-publish","format-standard","hentry","category-ultimas-noticias"],"_links":{"self":[{"href":"https:\/\/ic.tecnopc.com.ar\/index.php\/wp-json\/wp\/v2\/posts\/74983","targetHints":{"allow":["GET"]}}],"collection":[{"href":"https:\/\/ic.tecnopc.com.ar\/index.php\/wp-json\/wp\/v2\/posts"}],"about":[{"href":"https:\/\/ic.tecnopc.com.ar\/index.php\/wp-json\/wp\/v2\/types\/post"}],"author":[{"embeddable":true,"href":"https:\/\/ic.tecnopc.com.ar\/index.php\/wp-json\/wp\/v2\/users\/1"}],"replies":[{"embeddable":true,"href":"https:\/\/ic.tecnopc.com.ar\/index.php\/wp-json\/wp\/v2\/comments?post=74983"}],"version-history":[{"count":0,"href":"https:\/\/ic.tecnopc.com.ar\/index.php\/wp-json\/wp\/v2\/posts\/74983\/revisions"}],"wp:attachment":[{"href":"https:\/\/ic.tecnopc.com.ar\/index.php\/wp-json\/wp\/v2\/media?parent=74983"}],"wp:term":[{"taxonomy":"category","embeddable":true,"href":"https:\/\/ic.tecnopc.com.ar\/index.php\/wp-json\/wp\/v2\/categories?post=74983"},{"taxonomy":"post_tag","embeddable":true,"href":"https:\/\/ic.tecnopc.com.ar\/index.php\/wp-json\/wp\/v2\/tags?post=74983"}],"curies":[{"name":"wp","href":"https:\/\/api.w.org\/{rel}","templated":true}]}}