{"id":75004,"date":"2020-01-07T11:44:40","date_gmt":"2020-01-07T14:44:40","guid":{"rendered":"https:\/\/iulianocooreman.com.ar\/es\/?p=75004"},"modified":"2020-01-07T11:44:40","modified_gmt":"2020-01-07T14:44:40","slug":"aumento-solidario","status":"publish","type":"post","link":"https:\/\/ic.tecnopc.com.ar\/index.php\/2020\/01\/07\/aumento-solidario\/","title":{"rendered":"AUMENTO SOLIDARIO"},"content":{"rendered":"<p style=\"text-align: justify;\"><span style=\"font-weight: 400; font-size: 12pt; font-family: verdana, geneva, sans-serif; color: #3366ff;\">El incremento salarial m\u00ednimo y uniforme para todos los trabajadores y trabajadoras en relaci\u00f3n de dependencia del Sector Privado es de $4.000,00.<\/span><!--more--><\/p>\n<p style=\"text-align: justify;\"><span style=\"font-weight: 400; font-size: 12pt; font-family: verdana, geneva, sans-serif;\">El Gobierno oficializ\u00f3 a trav\u00e9s del decreto 14\/2020 el aumento para trabajadores privados: constar\u00e1 de $ 3.000 con el sueldo de enero, mas $ 1.000 con el sueldo de febrero, a cuenta de paritarias.<\/span><\/p>\n<p style=\"text-align: justify;\"><span style=\"font-weight: 400; font-size: 12pt; font-family: verdana, geneva, sans-serif;\">El incremento \u201cdeber\u00e1 ser absorbido por las futuras negociaciones paritarias\u201d y \u201cno deber\u00e1 ser tenido en cuenta para el c\u00e1lculo de ning\u00fan adicional salarial previsto en el convenio colectivo o en el contrato individual de trabajo, en tanto no sea pactado espec\u00edficamente para este incremento, un criterio distinto mediante negociaci\u00f3n colectiva\u201d.<\/span><\/p>\n<p style=\"text-align: justify;\"><span style=\"font-weight: 400; font-size: 12pt; font-family: verdana, geneva, sans-serif;\">Para facilitar el control por parte de los trabajadores y trabajadoras, \u201cdeber\u00e1 consignarse en el recibo de haberes, como un rubro independiente denominado \u2018incremento solidario\u2019\u201d.<\/span><\/p>\n<p style=\"text-align: justify;\"><span style=\"font-weight: 400; font-size: 12pt; font-family: verdana, geneva, sans-serif;\">Por otra parte, \u201clas Micro, Peque\u00f1as y Medianas Empresas en los t\u00e9rminos del art\u00edculo 2\u00b0 de la Ley 24.467 y sus modificatorias y complementarias, que cuenten con Certificado MiPyME vigente, quedar\u00e1n eximidas del pago de las contribuciones patronales\u201d. Igual exenci\u00f3n gozar\u00e1n las entidades civiles sin fines de lucro.<\/span><\/p>\n","protected":false},"excerpt":{"rendered":"<p>El incremento salarial m\u00ednimo y uniforme para todos los trabajadores y trabajadoras en relaci\u00f3n de dependencia del Sector Privado es de $4.000,00<\/p>\n","protected":false},"author":1,"featured_media":0,"comment_status":"closed","ping_status":"open","sticky":false,"template":"","format":"standard","meta":{"footnotes":""},"categories":[3],"tags":[],"class_list":["post-75004","post","type-post","status-publish","format-standard","hentry","category-ultimas-noticias"],"_links":{"self":[{"href":"https:\/\/ic.tecnopc.com.ar\/index.php\/wp-json\/wp\/v2\/posts\/75004","targetHints":{"allow":["GET"]}}],"collection":[{"href":"https:\/\/ic.tecnopc.com.ar\/index.php\/wp-json\/wp\/v2\/posts"}],"about":[{"href":"https:\/\/ic.tecnopc.com.ar\/index.php\/wp-json\/wp\/v2\/types\/post"}],"author":[{"embeddable":true,"href":"https:\/\/ic.tecnopc.com.ar\/index.php\/wp-json\/wp\/v2\/users\/1"}],"replies":[{"embeddable":true,"href":"https:\/\/ic.tecnopc.com.ar\/index.php\/wp-json\/wp\/v2\/comments?post=75004"}],"version-history":[{"count":0,"href":"https:\/\/ic.tecnopc.com.ar\/index.php\/wp-json\/wp\/v2\/posts\/75004\/revisions"}],"wp:attachment":[{"href":"https:\/\/ic.tecnopc.com.ar\/index.php\/wp-json\/wp\/v2\/media?parent=75004"}],"wp:term":[{"taxonomy":"category","embeddable":true,"href":"https:\/\/ic.tecnopc.com.ar\/index.php\/wp-json\/wp\/v2\/categories?post=75004"},{"taxonomy":"post_tag","embeddable":true,"href":"https:\/\/ic.tecnopc.com.ar\/index.php\/wp-json\/wp\/v2\/tags?post=75004"}],"curies":[{"name":"wp","href":"https:\/\/api.w.org\/{rel}","templated":true}]}}