{"id":75040,"date":"2020-03-16T09:41:10","date_gmt":"2020-03-16T12:41:10","guid":{"rendered":"https:\/\/iulianocooreman.com.ar\/es\/?p=75040"},"modified":"2020-03-16T09:41:10","modified_gmt":"2020-03-16T12:41:10","slug":"observancia-a-las-normas-de-aislamiento","status":"publish","type":"post","link":"https:\/\/ic.tecnopc.com.ar\/index.php\/2020\/03\/16\/observancia-a-las-normas-de-aislamiento\/","title":{"rendered":"OBSERVANCIA A LAS NORMAS DE AISLAMIENTO"},"content":{"rendered":"<p style=\"text-align: justify;\"><span style=\"font-weight: 400; font-family: verdana, geneva, sans-serif; color: #3366ff;\">La in\u00e9dita situaci\u00f3n de emergencia que ha sido declarada en respuesta al coronavirus, nos presenta el desaf\u00edo de tener que comunicarnos a la distancia por lo menos hasta el 31\/03\/2020.<\/span><!--more--><\/p>\n<p style=\"text-align: justify;\"><span style=\"font-weight: 400; font-family: verdana, geneva, sans-serif;\">Como todo escenario in\u00e9dito, no sabemos qu\u00e9 cambios se producir\u00e1n ni cu\u00e1nto tiempo llevar\u00e1 levantar las medidas de excepci\u00f3n, pero como profesionales y como miembros responsables de una sociedad, debemos contribuir con cada acci\u00f3n de nuestra parte al cumplimiento de los objetivos que se han impuesto.<\/span><\/p>\n<p style=\"text-align: justify;\"><span style=\"font-weight: 400; font-family: verdana, geneva, sans-serif;\">Por esta raz\u00f3n, hasta el 31\/03\/2020, vamos a tratar de mantener todas las reuniones con nuestros clientes, proveedores y colegas, por v\u00eda telef\u00f3nica o electr\u00f3nica, tratando de pactar caso por caso el medio de comunicaci\u00f3n para la videoconferencia, WhatsApp o llamada telef\u00f3nica que elija cada interlocutor, generando por anticipado los soportes de informaci\u00f3n de los temas a tratar y cualquier aclaraci\u00f3n que se considere pertinente.<\/span><\/p>\n<p style=\"text-align: justify;\"><span style=\"font-weight: 400; font-family: verdana, geneva, sans-serif;\">El objetivo final es que el cambio de la reuni\u00f3n presencial por una reuni\u00f3n virtual, sea lo m\u00e1s c\u00f3modo posible.<\/span><\/p>\n<p style=\"text-align: justify;\"><span style=\"font-weight: 400; font-family: verdana, geneva, sans-serif;\">Respecto de todos los dem\u00e1s servicios profesionales, se prestar\u00e1n de la manera habitual sin ninguna diferencia, debido a que nuestro Estudio cuenta con la tecnolog\u00eda y la capacitaci\u00f3n necesarios para superar este desaf\u00edo de manera exitosa.<\/span><\/p>\n<p style=\"text-align: justify;\"><span style=\"font-weight: 400; font-family: verdana, geneva, sans-serif;\">Quedamos a vuestra disposici\u00f3n por cualquier aclaraci\u00f3n que consideren conveniente.<\/span><\/p>\n","protected":false},"excerpt":{"rendered":"<p>La in\u00e9dita situaci\u00f3n de emergencia que ha sido declarada en respuesta al coronavirus, nos presenta el desaf\u00edo de tener que comunicarnos a la distancia por lo menos hasta el 31\/03\/2020.<\/p>\n","protected":false},"author":1,"featured_media":0,"comment_status":"closed","ping_status":"open","sticky":false,"template":"","format":"standard","meta":{"footnotes":""},"categories":[3],"tags":[],"class_list":["post-75040","post","type-post","status-publish","format-standard","hentry","category-ultimas-noticias"],"_links":{"self":[{"href":"https:\/\/ic.tecnopc.com.ar\/index.php\/wp-json\/wp\/v2\/posts\/75040","targetHints":{"allow":["GET"]}}],"collection":[{"href":"https:\/\/ic.tecnopc.com.ar\/index.php\/wp-json\/wp\/v2\/posts"}],"about":[{"href":"https:\/\/ic.tecnopc.com.ar\/index.php\/wp-json\/wp\/v2\/types\/post"}],"author":[{"embeddable":true,"href":"https:\/\/ic.tecnopc.com.ar\/index.php\/wp-json\/wp\/v2\/users\/1"}],"replies":[{"embeddable":true,"href":"https:\/\/ic.tecnopc.com.ar\/index.php\/wp-json\/wp\/v2\/comments?post=75040"}],"version-history":[{"count":0,"href":"https:\/\/ic.tecnopc.com.ar\/index.php\/wp-json\/wp\/v2\/posts\/75040\/revisions"}],"wp:attachment":[{"href":"https:\/\/ic.tecnopc.com.ar\/index.php\/wp-json\/wp\/v2\/media?parent=75040"}],"wp:term":[{"taxonomy":"category","embeddable":true,"href":"https:\/\/ic.tecnopc.com.ar\/index.php\/wp-json\/wp\/v2\/categories?post=75040"},{"taxonomy":"post_tag","embeddable":true,"href":"https:\/\/ic.tecnopc.com.ar\/index.php\/wp-json\/wp\/v2\/tags?post=75040"}],"curies":[{"name":"wp","href":"https:\/\/api.w.org\/{rel}","templated":true}]}}