{"id":75044,"date":"2020-03-18T13:18:38","date_gmt":"2020-03-18T16:18:38","guid":{"rendered":"https:\/\/iulianocooreman.com.ar\/es\/?p=75044"},"modified":"2020-03-18T13:18:38","modified_gmt":"2020-03-18T16:18:38","slug":"pymes-entre-el-virus-covid-1-la-crisis-y-la-incertidumbre","status":"publish","type":"post","link":"https:\/\/ic.tecnopc.com.ar\/index.php\/2020\/03\/18\/pymes-entre-el-virus-covid-1-la-crisis-y-la-incertidumbre\/","title":{"rendered":"PYMES: ENTRE EL VIRUS COVID-1,  LA CRISIS Y LA INCERTIDUMBRE"},"content":{"rendered":"<p style=\"text-align: justify;\"><span style=\"font-weight: 400; font-family: verdana, geneva, sans-serif; color: #3366ff;\">Las medidas sanitarias deben considerarse de aceptaci\u00f3n pac\u00edfica en toda la sociedad, siendo un llamado a la solidaridad y pero a la vez una obligaci\u00f3n y una responsabilidad, y deben ser cumplidas. Pero muchas veces las protecciones bien intencionadas, pueden generar p\u00e9rdidas, abusos y litigiosidad. Este es el escenario actual.<\/span><!--more--><\/p>\n<p style=\"text-align: justify;\"><span style=\"font-weight: 400; font-family: verdana, geneva, sans-serif;\">Siendo el objetivo cortar la circulaci\u00f3n del virus, se dictaron normas de car\u00e1cter obligatorio para el aislamiento de personas, de aplicaci\u00f3n general: DNU 260\/20, Resoluci\u00f3n 103\/20, 60\/20, 568\/20, 567\/20, 126\/20 y 202\/20, en funci\u00f3n de s\u00edntomas o por ingresar desde zonas afectadas y otras, como la resoluci\u00f3n SRT 21\/2020, complementada con la Resoluci\u00f3n MTSS 207\/2020, invita a los empleadores en la medida de sus posibilidades, a que habiliten a sus trabajadores a prestar tareas con modalidad Home Office\/Teletrabajo o cualquier forma remota, en la medida que sea compatible con las tareas habituales (este supuesto requiere acuerdo de partes) y debe notificarse a la ART para que cubra un siniestro ocasionado fuera del establecimiento.<\/span><\/p>\n<p style=\"text-align: justify;\"><span style=\"font-weight: 400; font-family: verdana, geneva, sans-serif;\">Adem\u00e1s suspende el deber de asistencia a:<\/span><\/p>\n<ul style=\"text-align: justify;\">\n<li style=\"font-weight: 400;\"><span style=\"font-weight: 400; font-family: verdana, geneva, sans-serif;\">Trabajadores adultos mayores de 60 a\u00f1os \u2013 a excepci\u00f3n de los estrictamente esenciales para el funcionamiento del establecimiento y personal de Salud-. L\u00edmite: No puede declararse personal esencial a las embarazadas y a los comprendidos en los grupos de riesgo.<\/span><\/li>\n<li style=\"font-weight: 400;\"><span style=\"font-weight: 400; font-family: verdana, geneva, sans-serif;\">Trabajadoras embarazadas.\u00a0\u00a0<\/span><\/li>\n<li style=\"font-weight: 400;\"><span style=\"font-weight: 400; font-family: verdana, geneva, sans-serif;\">Trabajadores incluidos en los grupos de riesgo, a saber: enfermedades respiratorias cr\u00f3nicas (epoc, enfisema cong\u00e9nito, displasia broncopulmonar, bronquiectasias, fibrosis qu\u00edsticas, y asma), enfermedades card\u00edacas (insuficiencia card\u00edaca, enfermedad coronaria, valvulopat\u00edas y cardiopat\u00edas cong\u00e9nitas), inmunodeficiencias, y diab\u00e9ticos con insuficiencia renal cr\u00f3nica en di\u00e1lisis o con expectativa a estarlo en el semestre inmediato.\u00a0<\/span><\/li>\n<li style=\"font-weight: 400;\"><span style=\"font-weight: 400; font-family: verdana, geneva, sans-serif;\">Dispensar a uno de los progenitores, siempre que acredite necesidad impostergable de estar al cuidado de sus hijos.\u00a0<\/span><\/li>\n<\/ul>\n<p style=\"text-align: justify;\"><span style=\"font-weight: 400; font-family: verdana, geneva, sans-serif;\">La recomendaci\u00f3n en todos los casos es documentar y firmar toda comunicaci\u00f3n entre partes.<\/span><\/p>\n<p style=\"text-align: justify;\"><span style=\"font-weight: 400; font-family: verdana, geneva, sans-serif;\">Muchas de estas normas fueron modificando las anteriores y seguramente la evoluci\u00f3n de la pandemia har\u00e1 que se ampl\u00eden las restricciones a pa\u00edses y que se modifiquen las medidas que se tomaron, por resultar insuficientes o excesivas.\u00a0<\/span><\/p>\n<p style=\"text-align: justify;\"><span style=\"font-weight: 400; font-family: verdana, geneva, sans-serif;\">En el medio de todo esto est\u00e1n anunciando medidas econ\u00f3micas paliativas, que habr\u00e1 que evaluar si alcanzan para que sobrevivan muchas de las empresas que est\u00e1n en crisis.\u00a0<\/span><\/p>\n<p style=\"text-align: justify;\"><span style=\"font-weight: 400; font-family: verdana, geneva, sans-serif;\">Lo que no se podr\u00e1 evitar es la consecuencia inmediata de una dram\u00e1tica adaptaci\u00f3n de sus estructuras productivas a niveles que nunca imaginaron, con presi\u00f3n tributaria, sin seguridad jur\u00eddica y sin actividad econ\u00f3mica sustentable. Con una sola certeza: la incertidumbre.<\/span><\/p>\n<p style=\"text-align: justify;\">\n","protected":false},"excerpt":{"rendered":"<p>Las medidas sanitarias deben considerarse de aceptaci\u00f3n pac\u00edfica en toda la sociedad, siendo un llamado a la solidaridad y pero a la vez una obligaci\u00f3n y una responsabilidad, y deben ser cumplidas. Pero muchas veces las protecciones bien intencionadas, pueden generar p\u00e9rdidas, abusos y litigiosidad. Este es el escenario actual.<\/p>\n","protected":false},"author":1,"featured_media":0,"comment_status":"closed","ping_status":"open","sticky":false,"template":"","format":"standard","meta":{"footnotes":""},"categories":[3],"tags":[],"class_list":["post-75044","post","type-post","status-publish","format-standard","hentry","category-ultimas-noticias"],"_links":{"self":[{"href":"https:\/\/ic.tecnopc.com.ar\/index.php\/wp-json\/wp\/v2\/posts\/75044","targetHints":{"allow":["GET"]}}],"collection":[{"href":"https:\/\/ic.tecnopc.com.ar\/index.php\/wp-json\/wp\/v2\/posts"}],"about":[{"href":"https:\/\/ic.tecnopc.com.ar\/index.php\/wp-json\/wp\/v2\/types\/post"}],"author":[{"embeddable":true,"href":"https:\/\/ic.tecnopc.com.ar\/index.php\/wp-json\/wp\/v2\/users\/1"}],"replies":[{"embeddable":true,"href":"https:\/\/ic.tecnopc.com.ar\/index.php\/wp-json\/wp\/v2\/comments?post=75044"}],"version-history":[{"count":0,"href":"https:\/\/ic.tecnopc.com.ar\/index.php\/wp-json\/wp\/v2\/posts\/75044\/revisions"}],"wp:attachment":[{"href":"https:\/\/ic.tecnopc.com.ar\/index.php\/wp-json\/wp\/v2\/media?parent=75044"}],"wp:term":[{"taxonomy":"category","embeddable":true,"href":"https:\/\/ic.tecnopc.com.ar\/index.php\/wp-json\/wp\/v2\/categories?post=75044"},{"taxonomy":"post_tag","embeddable":true,"href":"https:\/\/ic.tecnopc.com.ar\/index.php\/wp-json\/wp\/v2\/tags?post=75044"}],"curies":[{"name":"wp","href":"https:\/\/api.w.org\/{rel}","templated":true}]}}