{"id":75083,"date":"2020-04-06T15:26:42","date_gmt":"2020-04-06T18:26:42","guid":{"rendered":"https:\/\/iulianocooreman.com.ar\/es\/?p=75083"},"modified":"2020-04-06T15:26:42","modified_gmt":"2020-04-06T18:26:42","slug":"aclaracion-para-actividades-esenciales","status":"publish","type":"post","link":"https:\/\/ic.tecnopc.com.ar\/index.php\/2020\/04\/06\/aclaracion-para-actividades-esenciales\/","title":{"rendered":"ACLARACI\u00d3N PARA ACTIVIDADES ESENCIALES"},"content":{"rendered":"<p style=\"text-align: justify;\"><span style=\"font-weight: 400; font-family: verdana, geneva, sans-serif; color: #3366ff;\">Ante la redacci\u00f3n contradictoria del Decreto 332 respecto de que las empresas que realizaban actividades esenciales quedaban excluidas de los beneficios, aunque m\u00e1s adelante las inclu\u00eda si demostraban el impacto negativo en sus operaciones, la nueva redacci\u00f3n trata de subsanar esa confusi\u00f3n.<\/span><!--more--><\/p>\n<p style=\"text-align: justify;\"><span style=\"font-weight: 400; font-family: verdana, geneva, sans-serif;\">Ahora, con la modificaci\u00f3n, se contempla que estos sujetos pueden presentar la solicitud para ser alcanzados por los beneficios previstos en el Programa, el art\u00edculo qued\u00f3 redactado de la siguiente manera:<\/span><\/p>\n<h4 style=\"text-align: justify;\"><span style=\"font-weight: 400; font-family: verdana, geneva, sans-serif;\">ART\u00cdCULO 4\u00b0.- Se encuentran excluidos de los beneficios del presente decreto aquellos sujetos que realizan actividades y servicios declarados esenciales en la emergencia sanitaria y cuyo personal haya sido exceptuado del cumplimiento del \u201caislamiento social preventivo y obligatorio\u201d conforme las prescripciones del art\u00edculo 6\u00b0 del Decreto N\u00b0 297\/20, de la Decisi\u00f3n Administrativa N\u00b0 429\/20, de la Decisi\u00f3n Administrativa N\u00b0 450\/20 y sus eventuales ampliaciones.<\/span><\/h4>\n<p style=\"text-align: justify;\"><span style=\"font-weight: 400; font-family: verdana, geneva, sans-serif;\">Sin perjuicio de ello, y atendiendo a especiales circunstancias que hubieran provocado alto impacto negativo en el desarrollo de su actividad o servicio, los referidos sujetos podr\u00e1n presentar la solicitud para ser alcanzados por los beneficios previstos en el presente decreto, y el JEFE DE GABINETE DE MINISTROS, previo dictamen del COMIT\u00c9 DE EVALUACI\u00d3N Y MONITOREO DEL PROGRAMA DE ASISTENCIA DE EMERGENCIA AL TRABAJO Y LA PRODUCCI\u00d3N fundamentado en criterios t\u00e9cnicos, podr\u00e1 aceptar o negar tales pedidos.\u201d.<\/span><\/p>\n<p style=\"text-align: justify;\"><span style=\"font-weight: 400; font-family: verdana, geneva, sans-serif;\">Adem\u00e1s, el decreto cre\u00f3 el COMIT\u00c9 DE EVALUACI\u00d3N Y MONITOREO DEL PROGRAMA DE ASISTENCIA DE EMERGENCIA AL TRABAJO Y LA PRODUCCI\u00d3N, que estar\u00e1 integrado por los titulares de los MINISTERIOS DE DESARROLLO PRODUCTIVO, DE ECONOM\u00cdA y DE TRABAJO, EMPLEO Y SEGURIDAD SOCIAL, y de la ADMINISTRACI\u00d3N FEDERAL DE INGRESOS P\u00daBLICOS.<\/span><\/p>\n<p style=\"text-align: justify;\"><span style=\"font-weight: 400; font-family: verdana, geneva, sans-serif;\">Este comit\u00e9, junto con el Jefe de Gabinete de Ministros decidir\u00e1 respecto de la procedencia y alcance de los pedidos que se realicen para acogerse a los beneficios contemplados en decreto 332\/20.<\/span><\/p>\n","protected":false},"excerpt":{"rendered":"<p>Ante la redacci\u00f3n contradictoria del Decreto 332 respecto de que las empresas que realizaban actividades esenciales quedaban excluidas de los beneficios, aunque m\u00e1s adelante las inclu\u00eda si demostraban el impacto negativo en sus operaciones, la nueva redacci\u00f3n trata de subsanar esa confusi\u00f3n.<\/p>\n","protected":false},"author":1,"featured_media":0,"comment_status":"closed","ping_status":"open","sticky":false,"template":"","format":"standard","meta":{"footnotes":""},"categories":[3],"tags":[],"class_list":["post-75083","post","type-post","status-publish","format-standard","hentry","category-ultimas-noticias"],"_links":{"self":[{"href":"https:\/\/ic.tecnopc.com.ar\/index.php\/wp-json\/wp\/v2\/posts\/75083","targetHints":{"allow":["GET"]}}],"collection":[{"href":"https:\/\/ic.tecnopc.com.ar\/index.php\/wp-json\/wp\/v2\/posts"}],"about":[{"href":"https:\/\/ic.tecnopc.com.ar\/index.php\/wp-json\/wp\/v2\/types\/post"}],"author":[{"embeddable":true,"href":"https:\/\/ic.tecnopc.com.ar\/index.php\/wp-json\/wp\/v2\/users\/1"}],"replies":[{"embeddable":true,"href":"https:\/\/ic.tecnopc.com.ar\/index.php\/wp-json\/wp\/v2\/comments?post=75083"}],"version-history":[{"count":0,"href":"https:\/\/ic.tecnopc.com.ar\/index.php\/wp-json\/wp\/v2\/posts\/75083\/revisions"}],"wp:attachment":[{"href":"https:\/\/ic.tecnopc.com.ar\/index.php\/wp-json\/wp\/v2\/media?parent=75083"}],"wp:term":[{"taxonomy":"category","embeddable":true,"href":"https:\/\/ic.tecnopc.com.ar\/index.php\/wp-json\/wp\/v2\/categories?post=75083"},{"taxonomy":"post_tag","embeddable":true,"href":"https:\/\/ic.tecnopc.com.ar\/index.php\/wp-json\/wp\/v2\/tags?post=75083"}],"curies":[{"name":"wp","href":"https:\/\/api.w.org\/{rel}","templated":true}]}}