{"id":75096,"date":"2020-04-09T11:45:19","date_gmt":"2020-04-09T14:45:19","guid":{"rendered":"https:\/\/iulianocooreman.com.ar\/es\/?p=75096"},"modified":"2020-04-09T11:45:19","modified_gmt":"2020-04-09T14:45:19","slug":"flexibilizan-cuarentena","status":"publish","type":"post","link":"https:\/\/ic.tecnopc.com.ar\/index.php\/2020\/04\/09\/flexibilizan-cuarentena\/","title":{"rendered":"FLEXIBILIZAN CUARENTENA"},"content":{"rendered":"<p style=\"text-align: justify;\"><span style=\"font-weight: 400; font-family: verdana, geneva, sans-serif; color: #3366ff;\">A medida que se van conociendo los anuncios de ampliaci\u00f3n del per\u00edodo de aislamiento obligatorio al 23 de abril, van apareciendo algunas medidas paliativas, a la espera de las definiciones que se producir\u00edan en las pr\u00f3ximas horas.<\/span><!--more--><\/p>\n<p style=\"text-align: justify;\"><span style=\"font-weight: 400; font-family: verdana, geneva, sans-serif;\">Dentro de determinas limitaciones, lo que no debe perderse de vista es la necesidad de proteger al personal que va a cumplir tareas por actividades esenciales. Esto implica no s\u00f3lo cuidarlos, sino establecer requisitos formales como notificar procedimientos, entregar materiales de higiene y protecci\u00f3n sanitaria, y preparar protocolos sanitarios para cada una de las empresas o individuos y su personal.<\/span><\/p>\n<p style=\"text-align: justify;\"><span style=\"font-weight: 400; font-family: verdana, geneva, sans-serif;\">Ya se ha anunciado el listado de actividades autorizadas a comenzar actividad el 13 de abril,\u00a0 se ha autorizado la reapertura parcial de los Bancos y de las escriban\u00edas, y se agregar\u00e1n, con el correr de los d\u00edas, algunas actividades que se est\u00e1n definiendo.<\/span><\/p>\n<p style=\"text-align: justify;\"><span style=\"font-weight: 400; font-family: verdana, geneva, sans-serif;\">Ha trascendido que la modalidad de vuelta a la actividad estar\u00e1 basada en asegurar el distanciamiento entre personas, para evitar contagios, y en las normas preventivas que han difundido distintos organismos.<\/span><\/p>\n<p style=\"text-align: justify;\"><span style=\"font-family: verdana, geneva, sans-serif;\"><span style=\"font-weight: 400;\">En el caso de los bancos<\/span><span style=\"font-weight: 400;\">, entidades financieras, las empresas no financieras emisoras de tarjetas de cr\u00e9dito y compra y otros proveedores no financieros de cr\u00e9dito, deber\u00e1n abrir para la atenci\u00f3n al p\u00fablico en general a partir <\/span><span style=\"font-weight: 400;\">del lunes 13 hasta el viernes 17 de abril<\/span><span style=\"font-weight: 400;\">, pero sin acceso a las cajas y seg\u00fan un cronograma por el n\u00famero de la terminaci\u00f3n del DNI o el CUIT y <\/span><span style=\"font-weight: 400;\">con turno previo acordado por medios electr\u00f3nicos.<\/span><\/span><\/p>\n<p style=\"text-align: justify;\"><span style=\"font-family: verdana, geneva, sans-serif;\"><span style=\"font-weight: 400;\">No se podr\u00e1 ingresar a una sucursal sin el comprobante de turno<\/span><span style=\"font-weight: 400;\">. Este comprobante servir\u00e1 asimismo como permiso de circulaci\u00f3n.<\/span><\/span><\/p>\n<p style=\"text-align: justify;\"><span style=\"font-weight: 400; font-family: verdana, geneva, sans-serif;\">Los clientes que sean beneficiarios de haberes previsionales y pensiones (integrantes del SIPA o de jurisdicciones provinciales o de CABA) no necesitar\u00e1n sacar turno y ser\u00e1n atendidos seg\u00fan el cronograma que difunda la ANSES o el ente administrador que le corresponda.<\/span><\/p>\n<p style=\"text-align: justify;\"><span style=\"font-weight: 400; font-family: verdana, geneva, sans-serif;\">Las casas de cambio no podr\u00e1n atender al p\u00fablico en sus sucursales. Podr\u00e1n operar en el mercado cambiario entre ellas, con entidades financieras y con clientes pero en forma remota.<\/span><\/p>\n","protected":false},"excerpt":{"rendered":"<p>A medida que se van conociendo los anuncios de ampliaci\u00f3n del per\u00edodo de aislamiento obligatorio al 23 de abril, van apareciendo algunas medidas paliativas, a la espera de las definiciones que se producir\u00edan en las pr\u00f3ximas horas.<\/p>\n","protected":false},"author":1,"featured_media":0,"comment_status":"closed","ping_status":"open","sticky":false,"template":"","format":"standard","meta":{"footnotes":""},"categories":[3],"tags":[],"class_list":["post-75096","post","type-post","status-publish","format-standard","hentry","category-ultimas-noticias"],"_links":{"self":[{"href":"https:\/\/ic.tecnopc.com.ar\/index.php\/wp-json\/wp\/v2\/posts\/75096","targetHints":{"allow":["GET"]}}],"collection":[{"href":"https:\/\/ic.tecnopc.com.ar\/index.php\/wp-json\/wp\/v2\/posts"}],"about":[{"href":"https:\/\/ic.tecnopc.com.ar\/index.php\/wp-json\/wp\/v2\/types\/post"}],"author":[{"embeddable":true,"href":"https:\/\/ic.tecnopc.com.ar\/index.php\/wp-json\/wp\/v2\/users\/1"}],"replies":[{"embeddable":true,"href":"https:\/\/ic.tecnopc.com.ar\/index.php\/wp-json\/wp\/v2\/comments?post=75096"}],"version-history":[{"count":0,"href":"https:\/\/ic.tecnopc.com.ar\/index.php\/wp-json\/wp\/v2\/posts\/75096\/revisions"}],"wp:attachment":[{"href":"https:\/\/ic.tecnopc.com.ar\/index.php\/wp-json\/wp\/v2\/media?parent=75096"}],"wp:term":[{"taxonomy":"category","embeddable":true,"href":"https:\/\/ic.tecnopc.com.ar\/index.php\/wp-json\/wp\/v2\/categories?post=75096"},{"taxonomy":"post_tag","embeddable":true,"href":"https:\/\/ic.tecnopc.com.ar\/index.php\/wp-json\/wp\/v2\/tags?post=75096"}],"curies":[{"name":"wp","href":"https:\/\/api.w.org\/{rel}","templated":true}]}}