{"id":75098,"date":"2020-04-09T14:22:30","date_gmt":"2020-04-09T17:22:30","guid":{"rendered":"https:\/\/iulianocooreman.com.ar\/es\/?p=75098"},"modified":"2020-04-09T14:22:30","modified_gmt":"2020-04-09T17:22:30","slug":"afip-postergacion-del-suss-de-marzo-y-falta-de-claridad","status":"publish","type":"post","link":"https:\/\/ic.tecnopc.com.ar\/index.php\/2020\/04\/09\/afip-postergacion-del-suss-de-marzo-y-falta-de-claridad\/","title":{"rendered":"AFIP: POSTERGACI\u00d3N DEL SUSS DE MARZO Y FALTA DE CLARIDAD"},"content":{"rendered":"<p style=\"text-align: justify;\"><span style=\"font-weight: 400; font-family: verdana, geneva, sans-serif; color: #3366ff;\">La RG 4693, que reglamenta los decretos 332\/2020 y complementarios, es parcial respecto de los beneficios a los que pueden acceder las empresas.\u00a0<\/span><!--more--><\/p>\n<p style=\"text-align: justify;\"><span style=\"font-weight: 400; font-family: verdana, geneva, sans-serif;\">Los anuncios de postergaci\u00f3n por dos meses del pago de contribuciones patronales es un dato parcial, ya que existe en el decreto una segunda opci\u00f3n: Pedir el 95% de descuento en esas contribuciones al SIPA y a\u00fan no se accede al listado que debe emitir la Jefatura de Gabinete.<\/span><\/p>\n<p style=\"text-align: justify;\"><span style=\"font-family: verdana, geneva, sans-serif;\"><span style=\"font-weight: 400;\">En concreto posterga para todos los contribuyentes el vencimiento del SUSS de marzo 2020, para el <\/span><b>16 al 20 de Abril<\/b><span style=\"font-weight: 400;\">, fecha en la que se deber\u00edan pagar todos los conceptos no incluidos en el decreto. Cabe aclarar que esos conceptos <\/span><span style=\"font-weight: 400;\">no incluidos en los beneficios son todos los aportes del SUSS retenidos<\/span><span style=\"font-weight: 400;\"> a los empleados y <\/span><span style=\"font-weight: 400;\">las dem\u00e1s contribuciones patronales<\/span><span style=\"font-weight: 400;\"> (Obra Social, INSSJP, ART, seguros, etc.).<\/span><\/span><\/p>\n<p style=\"text-align: justify;\"><span style=\"font-weight: 400; font-family: verdana, geneva, sans-serif;\">Adicionalmente qued\u00f3 definido que, aquellos contribuyentes que cumplan con los requisitos establecidos del Programa de Asistencia en la Emergencia para el Trabajo y la Producci\u00f3n (ATP), tendr\u00e1n acceso a los beneficios del decreto, para lo cual hay que seguir estos pasos:<\/span><\/p>\n<ol>\n<li style=\"font-weight: 400; text-align: justify;\"><span style=\"font-family: verdana, geneva, sans-serif;\"><span style=\"font-weight: 400;\">Los contribuyentes deber\u00e1n inscribirse del<\/span><b> 9 al 15 de Abril,<\/b><span style=\"font-weight: 400;\"> al ATP mediante la p\u00e1gina web. Hasta hace un rato no funcionaba.<\/span><\/span><\/li>\n<li style=\"font-weight: 400; text-align: justify;\"><span style=\"font-family: verdana, geneva, sans-serif;\"><span style=\"font-weight: 400;\">Suministrar entre el <\/span><b>13 y el 15 de Abril<\/b><span style=\"font-weight: 400;\"> informaci\u00f3n econ\u00f3mica relativa a sus actividades que el sistema requiera, para que la AFIP <\/span><b>evalu\u00e9<\/b><span style=\"font-weight: 400;\"> la situaci\u00f3n.<\/span><\/span><\/li>\n<li style=\"font-weight: 400; text-align: justify;\"><span style=\"font-family: verdana, geneva, sans-serif;\"><span style=\"font-weight: 400;\">Las empresas que se inscriban, y cuyas actividades est\u00e9n incluidas en el listado publicado por AFIP, podr\u00e1n gozar de los beneficios de la postergaci\u00f3n del vencimiento de <\/span><span style=\"font-weight: 400;\">contribuciones al SIPA<\/span><span style=\"font-weight: 400;\"> del mes de Marzo 2020, que <\/span><span style=\"font-weight: 400;\">se pagar\u00eda del 16 al 18 de Junio 2020<\/span><span style=\"font-weight: 400;\"> si no se opta por la reducci\u00f3n del 95%.\u00a0<\/span><\/span><\/li>\n<\/ol>\n","protected":false},"excerpt":{"rendered":"<p>La RG 4693, que reglamenta los decretos 332\/2020 y complementarios, es parcial respecto de los beneficios a los que pueden acceder las empresas.\u00a0<\/p>\n","protected":false},"author":1,"featured_media":0,"comment_status":"closed","ping_status":"open","sticky":false,"template":"","format":"standard","meta":{"footnotes":""},"categories":[3],"tags":[],"class_list":["post-75098","post","type-post","status-publish","format-standard","hentry","category-ultimas-noticias"],"_links":{"self":[{"href":"https:\/\/ic.tecnopc.com.ar\/index.php\/wp-json\/wp\/v2\/posts\/75098","targetHints":{"allow":["GET"]}}],"collection":[{"href":"https:\/\/ic.tecnopc.com.ar\/index.php\/wp-json\/wp\/v2\/posts"}],"about":[{"href":"https:\/\/ic.tecnopc.com.ar\/index.php\/wp-json\/wp\/v2\/types\/post"}],"author":[{"embeddable":true,"href":"https:\/\/ic.tecnopc.com.ar\/index.php\/wp-json\/wp\/v2\/users\/1"}],"replies":[{"embeddable":true,"href":"https:\/\/ic.tecnopc.com.ar\/index.php\/wp-json\/wp\/v2\/comments?post=75098"}],"version-history":[{"count":0,"href":"https:\/\/ic.tecnopc.com.ar\/index.php\/wp-json\/wp\/v2\/posts\/75098\/revisions"}],"wp:attachment":[{"href":"https:\/\/ic.tecnopc.com.ar\/index.php\/wp-json\/wp\/v2\/media?parent=75098"}],"wp:term":[{"taxonomy":"category","embeddable":true,"href":"https:\/\/ic.tecnopc.com.ar\/index.php\/wp-json\/wp\/v2\/categories?post=75098"},{"taxonomy":"post_tag","embeddable":true,"href":"https:\/\/ic.tecnopc.com.ar\/index.php\/wp-json\/wp\/v2\/tags?post=75098"}],"curies":[{"name":"wp","href":"https:\/\/api.w.org\/{rel}","templated":true}]}}