{"id":75100,"date":"2020-04-09T18:52:23","date_gmt":"2020-04-09T21:52:23","guid":{"rendered":"https:\/\/iulianocooreman.com.ar\/es\/?p=75100"},"modified":"2020-04-09T18:52:23","modified_gmt":"2020-04-09T21:52:23","slug":"afip-programa-de-asistencia-de-emergencia-al-trabajo-y-a-la-produccion-atp","status":"publish","type":"post","link":"https:\/\/ic.tecnopc.com.ar\/index.php\/2020\/04\/09\/afip-programa-de-asistencia-de-emergencia-al-trabajo-y-a-la-produccion-atp\/","title":{"rendered":"AFIP &#8211; PROGRAMA DE ASISTENCIA DE EMERGENCIA AL TRABAJO Y A LA PRODUCCI\u00d3N \u2013 ATP"},"content":{"rendered":"<p style=\"text-align: justify;\"><span style=\"font-weight: 400; font-family: verdana, geneva, sans-serif; color: #3366ff;\">Postergaci\u00f3n de vencimientos generales, beneficios para los afectados por la emergencia sanitaria -incluye prorroga adicional- y plazos para registrarse.<\/span><!--more--><\/p>\n<p style=\"text-align: justify;\"><span style=\"font-weight: 400; font-family: verdana, geneva, sans-serif;\">El \u201cPrograma de Asistencia de Emergencia al Trabajo y la Producci\u00f3n \u2013 ATP\u201d, para empleadores y trabajadores afectados por la emergencia sanitaria permite la obtenci\u00f3n de uno o m\u00e1s de los beneficios que describimos a continuaci\u00f3n.<\/span><\/p>\n<ul style=\"text-align: justify;\">\n<li style=\"font-weight: 400;\"><span style=\"font-weight: 400; font-family: verdana, geneva, sans-serif;\">Postergaci\u00f3n de pago o reducci\u00f3n de hasta el 95% de las contribuciones patronales al SIPA.<\/span><\/li>\n<li style=\"font-weight: 400;\"><span style=\"font-weight: 400; font-family: verdana, geneva, sans-serif;\">Asignaci\u00f3n compensatoria al salario: ser\u00e1 abonada por el Estado para todos los trabajadores en relaci\u00f3n de dependencia de empresas del sector privado de hasta 100 trabajadores, comprendidos en el r\u00e9gimen de negociaci\u00f3n colectiva.<\/span><\/li>\n<li style=\"font-weight: 400;\"><span style=\"font-weight: 400; font-family: verdana, geneva, sans-serif;\">REPRO Asistencia por emergencia sanitaria: suma no contributiva que ser\u00e1 abonada por el Estado para todos los trabajadores en relaci\u00f3n de dependencia de empresas del sector privado de mas de 100 trabajadores, comprendidos en el r\u00e9gimen de negociaci\u00f3n colectiva.<\/span><\/li>\n<li style=\"font-weight: 400;\"><span style=\"font-weight: 400; font-family: verdana, geneva, sans-serif;\">Sistema integral de prestaciones por desempleo: prestaci\u00f3n econ\u00f3mica por desempleado para los trabajadores de la construcci\u00f3n y los que re\u00fanan los requisitos establecidos en la Ley N\u00ba 24.013 y 25.371.<\/span><\/li>\n<\/ul>\n<h4 style=\"text-align: justify;\"><span style=\"font-family: verdana, geneva, sans-serif;\"><b>\u00bfCu\u00e1les son los requisitos?<\/b><\/span><\/h4>\n<p style=\"text-align: justify;\"><span style=\"font-weight: 400; font-family: verdana, geneva, sans-serif;\">Para poder acceder a los beneficios de los puntos 1, 2 y 3, se debe cumplir con uno o m\u00e1s de estos requisitos:<\/span><\/p>\n<ul>\n<li style=\"font-weight: 400; text-align: justify;\"><span style=\"font-weight: 400; font-family: verdana, geneva, sans-serif;\">Desarrollar actividades econ\u00f3micas afectadas en forma cr\u00edtica en las zonas geogr\u00e1ficas donde se desempe\u00f1an.<\/span><\/li>\n<li style=\"font-weight: 400; text-align: justify;\"><span style=\"font-weight: 400; font-family: verdana, geneva, sans-serif;\">Contar una cantidad relevante de trabajadores en aislamiento obligatorio, en ausencia por estar en grupo de riesgo u obligaciones de cuidado familiar relacionadas al COVID 19, o contagiados.<\/span><\/li>\n<li style=\"font-weight: 400; text-align: justify;\"><span style=\"font-weight: 400; font-family: verdana, geneva, sans-serif;\">Registrar una considerable reducci\u00f3n en sus ventas con posterioridad al 20 de marzo de 2020.<\/span><\/li>\n<\/ul>\n","protected":false},"excerpt":{"rendered":"<p>Postergaci\u00f3n de vencimientos generales, beneficios para los afectados por la emergencia sanitaria -incluye prorroga adicional- y plazos para registrarse.<\/p>\n","protected":false},"author":1,"featured_media":0,"comment_status":"closed","ping_status":"open","sticky":false,"template":"","format":"standard","meta":{"footnotes":""},"categories":[3],"tags":[],"class_list":["post-75100","post","type-post","status-publish","format-standard","hentry","category-ultimas-noticias"],"_links":{"self":[{"href":"https:\/\/ic.tecnopc.com.ar\/index.php\/wp-json\/wp\/v2\/posts\/75100","targetHints":{"allow":["GET"]}}],"collection":[{"href":"https:\/\/ic.tecnopc.com.ar\/index.php\/wp-json\/wp\/v2\/posts"}],"about":[{"href":"https:\/\/ic.tecnopc.com.ar\/index.php\/wp-json\/wp\/v2\/types\/post"}],"author":[{"embeddable":true,"href":"https:\/\/ic.tecnopc.com.ar\/index.php\/wp-json\/wp\/v2\/users\/1"}],"replies":[{"embeddable":true,"href":"https:\/\/ic.tecnopc.com.ar\/index.php\/wp-json\/wp\/v2\/comments?post=75100"}],"version-history":[{"count":0,"href":"https:\/\/ic.tecnopc.com.ar\/index.php\/wp-json\/wp\/v2\/posts\/75100\/revisions"}],"wp:attachment":[{"href":"https:\/\/ic.tecnopc.com.ar\/index.php\/wp-json\/wp\/v2\/media?parent=75100"}],"wp:term":[{"taxonomy":"category","embeddable":true,"href":"https:\/\/ic.tecnopc.com.ar\/index.php\/wp-json\/wp\/v2\/categories?post=75100"},{"taxonomy":"post_tag","embeddable":true,"href":"https:\/\/ic.tecnopc.com.ar\/index.php\/wp-json\/wp\/v2\/tags?post=75100"}],"curies":[{"name":"wp","href":"https:\/\/api.w.org\/{rel}","templated":true}]}}