{"id":75117,"date":"2020-04-13T10:41:05","date_gmt":"2020-04-13T13:41:05","guid":{"rendered":"https:\/\/iulianocooreman.com.ar\/es\/?p=75117"},"modified":"2020-04-13T10:41:05","modified_gmt":"2020-04-13T13:41:05","slug":"la-salud-en-primer-lugar-pero-la-crisis-no-se-soluciona-sin-actividad-y-cobrando-impuestos","status":"publish","type":"post","link":"https:\/\/ic.tecnopc.com.ar\/index.php\/2020\/04\/13\/la-salud-en-primer-lugar-pero-la-crisis-no-se-soluciona-sin-actividad-y-cobrando-impuestos\/","title":{"rendered":"LA SALUD EN PRIMER LUGAR. PERO LA CRISIS NO SE SOLUCIONA SIN ACTIVIDAD Y COBRANDO IMPUESTOS"},"content":{"rendered":"<p style=\"text-align: justify;\"><span style=\"font-weight: 400; font-family: verdana, geneva, sans-serif; color: #3366ff;\">Nada es m\u00e1s importante que cuidar la vida. Pero se demoran las otras decisiones fundamentales sobre c\u00f3mo generar actividad para que sobrevivan las Pymes. Siguen sin aparecer diferimientos en las obligaciones tributarias que vencieron y vencen, en el per\u00edodo de aislamiento.<\/span><!--more--><\/p>\n<p style=\"text-align: justify;\"><span style=\"font-weight: 400; font-family: verdana, geneva, sans-serif;\">Todas las empresas y particulares tuvieron que pagar todos los impuestos y anticipos de AFIP que vencieron en marzo y presentar todas las declaraciones juradas sin ninguna facilidad, para no perder beneficios.<\/span><\/p>\n<p style=\"text-align: justify;\"><span style=\"font-weight: 400; font-family: verdana, geneva, sans-serif;\">Solamente se difiri\u00f3 el anticipo extraordinario de Bienes Personales, se ampliaron los plazos de acogimiento de moratorias y, para algunas Pymes, se difirieron las contribuciones patronales del SIPA del SUSS de marzo, pero sujeto a un tr\u00e1mite que confirmar\u00e1 la AFIP y reci\u00e9n se implement\u00f3 el 9\/4\/20.<\/span><\/p>\n<p style=\"text-align: justify;\"><span style=\"font-weight: 400; font-family: verdana, geneva, sans-serif;\">Se tuvieron que pagar todos los sueldos de marzo y los cr\u00e9ditos de bancos al 24% para el pago de esa n\u00f3mina, depender\u00e1 de la relaci\u00f3n de cada cliente con su Banco.<\/span><\/p>\n<p style=\"text-align: justify;\"><span style=\"font-weight: 400; font-family: verdana, geneva, sans-serif;\">ARBA y AGIP difirieron vencimientos de marzo s\u00f3lo para contribuyentes locales, los que tributan por convenio multilateral est\u00e1n en mora o tuvieron que pagar.<\/span><\/p>\n<p style=\"text-align: justify;\"><span style=\"font-weight: 400; font-family: verdana, geneva, sans-serif;\">Nadie sabe si va a poder abrir su negocio o empresa y se van a ir autorizando actividades por provincia y lentamente. El aislamiento obligatorio ser\u00e1 hasta el 26\/4.<\/span><\/p>\n<p style=\"text-align: justify;\"><span style=\"font-weight: 400; font-family: verdana, geneva, sans-serif;\">Qui\u00e9n o c\u00f3mo se pagar\u00e1n los sueldos de abril?<\/span><\/p>\n<p style=\"text-align: justify;\"><span style=\"font-weight: 400; font-family: verdana, geneva, sans-serif;\">Qui\u00e9n se podr\u00e1 movilizar para procesar los papeles que quedaron en las oficinas para presentar las declaraciones juradas?<\/span><\/p>\n<p style=\"text-align: justify;\"><span style=\"font-weight: 400; font-family: verdana, geneva, sans-serif;\">Habr\u00e1 alg\u00fan diferimiento o facilidad de pago para los impuestos de AFIP?<\/span><\/p>\n<p style=\"text-align: justify;\"><span style=\"font-weight: 400; font-family: verdana, geneva, sans-serif;\">Muchas firmas tendr\u00e1n que despedir personal por fuerza mayor, a pesar del decreto que lo proh\u00edbe.<\/span><\/p>\n<p style=\"text-align: justify;\"><span style=\"font-weight: 400; font-family: verdana, geneva, sans-serif;\">Las que tienen m\u00e1s capacidad de resistir o tienen algo de actividad, tendr\u00e1n que consensuar con sus empleados licencias por fuerza mayor con asignaci\u00f3n de haberes parcial, con la ventaja de no ser remunerativo para el SIPA, con la contingencia de que requiere homologaci\u00f3n del Ministerio.<\/span><\/p>\n<p style=\"text-align: justify;\"><span style=\"font-weight: 400; font-family: verdana, geneva, sans-serif;\">La otra opci\u00f3n es la reducci\u00f3n de jornada, que tambi\u00e9n necesita consenso, pero tendr\u00eda, para el empleador, el aval del decreto de aislamiento que le da la posibilidad, en el marco de la buena fe contractual, de establecer nuevas condiciones laborales para realizar tareas en funci\u00f3n de la merma en la actividad.\u00a0<\/span><\/p>\n<p style=\"text-align: justify;\"><span style=\"font-weight: 400; font-family: verdana, geneva, sans-serif;\">\u00a0<\/span><\/p>\n","protected":false},"excerpt":{"rendered":"<p>Nada es m\u00e1s importante que cuidar la vida. Pero se demoran las otras decisiones fundamentales sobre c\u00f3mo generar actividad para que sobrevivan las Pymes. Siguen sin aparecer diferimientos en las obligaciones tributarias que vencieron y vencen, en el per\u00edodo de aislamiento.<\/p>\n","protected":false},"author":1,"featured_media":0,"comment_status":"closed","ping_status":"open","sticky":false,"template":"","format":"standard","meta":{"footnotes":""},"categories":[3],"tags":[],"class_list":["post-75117","post","type-post","status-publish","format-standard","hentry","category-ultimas-noticias"],"_links":{"self":[{"href":"https:\/\/ic.tecnopc.com.ar\/index.php\/wp-json\/wp\/v2\/posts\/75117","targetHints":{"allow":["GET"]}}],"collection":[{"href":"https:\/\/ic.tecnopc.com.ar\/index.php\/wp-json\/wp\/v2\/posts"}],"about":[{"href":"https:\/\/ic.tecnopc.com.ar\/index.php\/wp-json\/wp\/v2\/types\/post"}],"author":[{"embeddable":true,"href":"https:\/\/ic.tecnopc.com.ar\/index.php\/wp-json\/wp\/v2\/users\/1"}],"replies":[{"embeddable":true,"href":"https:\/\/ic.tecnopc.com.ar\/index.php\/wp-json\/wp\/v2\/comments?post=75117"}],"version-history":[{"count":0,"href":"https:\/\/ic.tecnopc.com.ar\/index.php\/wp-json\/wp\/v2\/posts\/75117\/revisions"}],"wp:attachment":[{"href":"https:\/\/ic.tecnopc.com.ar\/index.php\/wp-json\/wp\/v2\/media?parent=75117"}],"wp:term":[{"taxonomy":"category","embeddable":true,"href":"https:\/\/ic.tecnopc.com.ar\/index.php\/wp-json\/wp\/v2\/categories?post=75117"},{"taxonomy":"post_tag","embeddable":true,"href":"https:\/\/ic.tecnopc.com.ar\/index.php\/wp-json\/wp\/v2\/tags?post=75117"}],"curies":[{"name":"wp","href":"https:\/\/api.w.org\/{rel}","templated":true}]}}