{"id":75182,"date":"2020-05-12T14:10:21","date_gmt":"2020-05-12T17:10:21","guid":{"rendered":"https:\/\/iulianocooreman.com.ar\/es\/?p=75182"},"modified":"2020-05-12T14:10:21","modified_gmt":"2020-05-12T17:10:21","slug":"afip-un-poco-de-alivio","status":"publish","type":"post","link":"https:\/\/ic.tecnopc.com.ar\/index.php\/2020\/05\/12\/afip-un-poco-de-alivio\/","title":{"rendered":"AFIP: UN POCO DE ALIVIO"},"content":{"rendered":"<p style=\"text-align: justify;\"><span style=\"font-weight: 400; font-family: verdana, geneva, sans-serif; color: #3366ff;\">El Consejo Profesional de Ciencias Econ\u00f3micas de CABA, adelant\u00f3 pr\u00f3rrogas y algunas facilidades de pago para los contribuyentes.<\/span><!--more--><\/p>\n<p style=\"text-align: justify;\"><span style=\"font-weight: 400; font-family: verdana, geneva, sans-serif;\">Si bien las medidas eran imprescindibles para la dificil\u00edsima situaci\u00f3n que se atraviesa, ayudan a descomprimir el escenario de vencimientos.<\/span><\/p>\n<p style=\"text-align: justify;\"><span style=\"font-weight: 400; font-family: verdana, geneva, sans-serif;\">Adem\u00e1s de las DDJJ de cargas sociales (F.931) que se hab\u00edan prorrogado para la semana entrante, hoy se anticiparon las siguientes medidas:<\/span><\/p>\n<ul>\n<li style=\"font-weight: 400; text-align: justify;\"><span style=\"font-weight: 400; font-family: verdana, geneva, sans-serif;\">Impuesto a las ganancias para personas jur\u00eddicas, se prorrogan los vencimientos para la \u00faltima semana de Mayo.<\/span><\/li>\n<li style=\"font-weight: 400; text-align: justify;\"><span style=\"font-weight: 400; font-family: verdana, geneva, sans-serif;\">Grandes empresas,\u00a0 se ampl\u00eda la cantidad de planes de pagos vigentes de 3 a 6.\u00a0<\/span><\/li>\n<li style=\"font-weight: 400; text-align: justify;\"><span style=\"font-weight: 400; font-family: verdana, geneva, sans-serif;\">No se tendr\u00e1 en cuenta la categorizaci\u00f3n SIPER para los planes de pago.<\/span><\/li>\n<li style=\"font-weight: 400; text-align: justify;\"><span style=\"font-weight: 400; font-family: verdana, geneva, sans-serif;\">Se permitir\u00e1 incluir el IVA diferido en el plan de pagos permanente.\u00a0\u00a0\u00a0\u00a0\u00a0\u00a0\u00a0\u00a0<\/span><\/li>\n<\/ul>\n<p>&nbsp;<\/p>\n","protected":false},"excerpt":{"rendered":"<p>El Consejo Profesional de Ciencias Econ\u00f3micas de CABA, adelant\u00f3 pr\u00f3rrogas y algunas facilidades de pago para los contribuyentes.<\/p>\n","protected":false},"author":1,"featured_media":0,"comment_status":"closed","ping_status":"open","sticky":false,"template":"","format":"standard","meta":{"footnotes":""},"categories":[3],"tags":[],"class_list":["post-75182","post","type-post","status-publish","format-standard","hentry","category-ultimas-noticias"],"_links":{"self":[{"href":"https:\/\/ic.tecnopc.com.ar\/index.php\/wp-json\/wp\/v2\/posts\/75182","targetHints":{"allow":["GET"]}}],"collection":[{"href":"https:\/\/ic.tecnopc.com.ar\/index.php\/wp-json\/wp\/v2\/posts"}],"about":[{"href":"https:\/\/ic.tecnopc.com.ar\/index.php\/wp-json\/wp\/v2\/types\/post"}],"author":[{"embeddable":true,"href":"https:\/\/ic.tecnopc.com.ar\/index.php\/wp-json\/wp\/v2\/users\/1"}],"replies":[{"embeddable":true,"href":"https:\/\/ic.tecnopc.com.ar\/index.php\/wp-json\/wp\/v2\/comments?post=75182"}],"version-history":[{"count":0,"href":"https:\/\/ic.tecnopc.com.ar\/index.php\/wp-json\/wp\/v2\/posts\/75182\/revisions"}],"wp:attachment":[{"href":"https:\/\/ic.tecnopc.com.ar\/index.php\/wp-json\/wp\/v2\/media?parent=75182"}],"wp:term":[{"taxonomy":"category","embeddable":true,"href":"https:\/\/ic.tecnopc.com.ar\/index.php\/wp-json\/wp\/v2\/categories?post=75182"},{"taxonomy":"post_tag","embeddable":true,"href":"https:\/\/ic.tecnopc.com.ar\/index.php\/wp-json\/wp\/v2\/tags?post=75182"}],"curies":[{"name":"wp","href":"https:\/\/api.w.org\/{rel}","templated":true}]}}