{"id":75184,"date":"2020-05-13T11:26:54","date_gmt":"2020-05-13T14:26:54","guid":{"rendered":"https:\/\/iulianocooreman.com.ar\/es\/?p=75184"},"modified":"2020-05-13T11:26:54","modified_gmt":"2020-05-13T14:26:54","slug":"atp-confrimado-en-mayo","status":"publish","type":"post","link":"https:\/\/ic.tecnopc.com.ar\/index.php\/2020\/05\/13\/atp-confrimado-en-mayo\/","title":{"rendered":"ATP: CONFRIMADO EN MAYO"},"content":{"rendered":"<p style=\"text-align: justify;\"><span style=\"font-weight: 400; font-family: verdana, geneva, sans-serif; color: #3366ff;\">El gobierno nacional extendi\u00f3 el alcance de los beneficios del Programa de Asistencia de Emergencia al Trabajo y la Producci\u00f3n (ATP) durante MAYO 2020<\/span><!--more--><\/p>\n<p style=\"text-align: justify;\"><span style=\"font-weight: 400; font-family: verdana, geneva, sans-serif;\">Esto incluye los beneficios relativos al Salario Complementario, y tambi\u00e9n a las contribuciones patronales, a trav\u00e9s de la Decisi\u00f3n Administrativa 747\/2020 publicada en el Bolet\u00edn Oficial.<\/span><\/p>\n<p style=\"text-align: justify;\"><span style=\"font-weight: 400; font-family: verdana, geneva, sans-serif;\">A trav\u00e9s de esa medida, la Jefatura de Gabinete resolvi\u00f3 adoptar las recomendaciones del Comit\u00e9 de Evaluaci\u00f3n y Monitoreo del ATP, en base a informes elaborados por el Ministerio de Desarrollo Productivo y la Secretar\u00eda de Pol\u00edtica Econ\u00f3mica, que dan cuenta del nivel de afectaci\u00f3n de la econom\u00eda derivada de la extensi\u00f3n del aislamiento.<\/span><\/p>\n<p style=\"text-align: justify;\"><span style=\"font-weight: 400; font-family: verdana, geneva, sans-serif;\">Adem\u00e1s, el Comit\u00e9 inform\u00f3 que se otorgar\u00e1 el beneficio del Salario Complementario a las instituciones educativas que no reciben subsidios de ninguna clase, y se analizar\u00e1 el caso de las que reciben aportes del Estado.<\/span><\/p>\n<p style=\"text-align: justify;\"><span style=\"font-weight: 400; font-family: verdana, geneva, sans-serif;\">Del mismo modo, se evaluar\u00e1 la situaci\u00f3n de prestadores de la salud que reunir\u00edan las condiciones para acceder al mismo beneficio.<\/span><\/p>\n<p style=\"text-align: justify;\"><span style=\"font-weight: 400; font-family: verdana, geneva, sans-serif;\">El Comit\u00e9 consider\u00f3 necesario extender los beneficios del Programa ATP relativos al Salario Complementario -que se har\u00e1n efectivos en junio pr\u00f3ximo-.<\/span><\/p>\n<p style=\"text-align: justify;\"><span style=\"font-weight: 400; font-family: verdana, geneva, sans-serif;\">Tambi\u00e9n, la postergaci\u00f3n y la reducci\u00f3n del pago de las contribuciones patronales al Sistema Integrado Previsional Argentino (SIPA), respecto de los haberes y aportes que se devenguen durante mayo.<\/span><\/p>\n<p style=\"text-align: justify;\"><span style=\"font-weight: 400; font-family: verdana, geneva, sans-serif;\">Por su lado, el Ministerio de Educaci\u00f3n exhibi\u00f3 al Comit\u00e9 la informaci\u00f3n suministrada por la Administraci\u00f3n Federal de Ingresos P\u00fablicos (AFIP), que indica que hay instituciones educativas que reunir\u00edan las condiciones estipuladas para acceder al Salario Complementario.<\/span><\/p>\n<p style=\"text-align: justify;\"><span style=\"font-weight: 400; font-family: verdana, geneva, sans-serif;\">Educaci\u00f3n tambi\u00e9n indic\u00f3 que proceder\u00e1 a controlar con las jurisdicciones locales cu\u00e1les de esas instituciones no perciben aportes o subsidios, tras lo cual informar\u00e1 a la AFIP el listado de las que no los reciben de ninguna clase, para que proceda a tramitar el pago del Salario Complementario.<\/span><\/p>\n<p style=\"text-align: justify;\"><span style=\"font-weight: 400; font-family: verdana, geneva, sans-serif;\">El Comit\u00e9 consider\u00f3 que efectuados los controles, Educaci\u00f3n proporcione directamente a la AFIP el listado de las instituciones que no perciben aportes o subsidios, cuyos trabajadores se encuentran en condiciones de percibir el Salario Complementario, y que el organismo fiscal avance con el tr\u00e1mite tendiente a efectivizar ese beneficio.<\/span><\/p>\n<p style=\"text-align: justify;\"><span style=\"font-weight: 400; font-family: verdana, geneva, sans-serif;\">Por otra parte, el Ministerio de Salud remiti\u00f3 un informe donde describe la situaci\u00f3n de los prestadores de salud en el marco de la emergencia sanitaria.<\/span><\/p>\n<p style=\"text-align: justify;\"><span style=\"font-weight: 400; font-family: verdana, geneva, sans-serif;\">De acuerdo con este relevamiento, la situaci\u00f3n de las empresas del sector se encuadra en las previsiones que fijan los criterios cuyo cumplimiento se exige para acogerse a los beneficios del ATP.<\/span><\/p>\n<p style=\"text-align: justify;\"><span style=\"font-weight: 400; font-family: verdana, geneva, sans-serif;\">El Comit\u00e9 solicit\u00f3 a Salud que, mediante la fijaci\u00f3n de los criterios objetivos que estime adecuados, efect\u00fae la selecci\u00f3n de los prestadores referidos y los comunique.<\/span><\/p>\n<p style=\"text-align: justify;\"><span style=\"font-weight: 400; font-family: verdana, geneva, sans-serif;\">En tanto, el Ministerio de Transporte solicit\u00f3 que se incluya en el Salario Complementario a una n\u00f3mina de actividades del sector, entre los que est\u00e1n los taxis, los remises, el transporte escolar, los servicios de larga distancia, de fletes y el transporte de carga.<\/span><\/p>\n","protected":false},"excerpt":{"rendered":"<p>El gobierno nacional extendi\u00f3 el alcance de los beneficios del Programa de Asistencia de Emergencia al Trabajo y la Producci\u00f3n (ATP) durante MAYO 2020<\/p>\n","protected":false},"author":1,"featured_media":0,"comment_status":"closed","ping_status":"open","sticky":false,"template":"","format":"standard","meta":{"footnotes":""},"categories":[3],"tags":[],"class_list":["post-75184","post","type-post","status-publish","format-standard","hentry","category-ultimas-noticias"],"_links":{"self":[{"href":"https:\/\/ic.tecnopc.com.ar\/index.php\/wp-json\/wp\/v2\/posts\/75184","targetHints":{"allow":["GET"]}}],"collection":[{"href":"https:\/\/ic.tecnopc.com.ar\/index.php\/wp-json\/wp\/v2\/posts"}],"about":[{"href":"https:\/\/ic.tecnopc.com.ar\/index.php\/wp-json\/wp\/v2\/types\/post"}],"author":[{"embeddable":true,"href":"https:\/\/ic.tecnopc.com.ar\/index.php\/wp-json\/wp\/v2\/users\/1"}],"replies":[{"embeddable":true,"href":"https:\/\/ic.tecnopc.com.ar\/index.php\/wp-json\/wp\/v2\/comments?post=75184"}],"version-history":[{"count":0,"href":"https:\/\/ic.tecnopc.com.ar\/index.php\/wp-json\/wp\/v2\/posts\/75184\/revisions"}],"wp:attachment":[{"href":"https:\/\/ic.tecnopc.com.ar\/index.php\/wp-json\/wp\/v2\/media?parent=75184"}],"wp:term":[{"taxonomy":"category","embeddable":true,"href":"https:\/\/ic.tecnopc.com.ar\/index.php\/wp-json\/wp\/v2\/categories?post=75184"},{"taxonomy":"post_tag","embeddable":true,"href":"https:\/\/ic.tecnopc.com.ar\/index.php\/wp-json\/wp\/v2\/tags?post=75184"}],"curies":[{"name":"wp","href":"https:\/\/api.w.org\/{rel}","templated":true}]}}