{"id":75200,"date":"2020-05-19T13:33:14","date_gmt":"2020-05-19T16:33:14","guid":{"rendered":"https:\/\/iulianocooreman.com.ar\/es\/?p=75200"},"modified":"2020-05-19T13:33:14","modified_gmt":"2020-05-19T16:33:14","slug":"los-peligros-del-atp-de-mayo","status":"publish","type":"post","link":"https:\/\/ic.tecnopc.com.ar\/index.php\/2020\/05\/19\/los-peligros-del-atp-de-mayo\/","title":{"rendered":"LOS PELIGROS DEL ATP DE MAYO"},"content":{"rendered":"<p style=\"text-align: justify;\"><span style=\"font-weight: 400; font-family: verdana, geneva, sans-serif; color: #3366ff;\">Una vez m\u00e1s los anuncios luego se van limitando, y aunque alguien re\u00fana los requisitos para acceder a las ayudas del Estado, luego las normas cambian y ponen en peligro el normal desarrollo de sus empresas, por plazos que van de los 12 a los 24 meses. Por lo menos esta vez no es retroactivo, pero quiz\u00e1s haya nuevos anuncios que compliquen a quien el propio Estado ha beneficiado.<\/span><!--more--><\/p>\n<p style=\"text-align: justify;\"><span style=\"font-family: verdana, geneva, sans-serif;\"><span style=\"font-weight: 400;\">El Comit\u00e9 de Evaluaci\u00f3n y Monitoreo del Programa de Asistencia de Emergencia al Trabajo y la Producci\u00f3n mediante la Decisi\u00f3n Administrativa 817\/2020 y sus cuatro Anexos, publicada hoy en el Bolet\u00edn Oficial, estableci\u00f3 nuevos<\/span><span style=\"font-weight: 400;\"> requisitos establecidos por la Jefatura de Gabinete de Ministros para poder acceder al beneficio del salario complementario.<\/span><\/span><\/p>\n<p style=\"text-align: justify;\"><span style=\"font-weight: 400; font-family: verdana, geneva, sans-serif;\">Se extiende\u00a0a todos los beneficiarios -con independencia de si la cantidad de trabajadores de cada empresa es mayor o menor a 800 empleados- los requisitos establecidos en el apartado 1.5 del punto II del Acta N\u00ba 4, es decir:<\/span><\/p>\n<ul style=\"text-align: justify;\">\n<li style=\"font-weight: 400;\"><span style=\"font-weight: 400; font-family: verdana, geneva, sans-serif;\">No podr\u00e1n distribuir utilidades por los per\u00edodos fiscales cerrados a partir de noviembre de 2019.<\/span><\/li>\n<li style=\"font-weight: 400;\"><span style=\"font-weight: 400; font-family: verdana, geneva, sans-serif;\">No podr\u00e1n recomprar sus acciones directa o indirectamente.<\/span><\/li>\n<li style=\"font-weight: 400;\"><span style=\"font-weight: 400; font-family: verdana, geneva, sans-serif;\">No podr\u00e1n adquirir t\u00edtulos valores en pesos para su posterior e inmediata venta en moneda extranjera o su transferencia en custodia al exterior.<\/span><\/li>\n<li style=\"font-weight: 400;\"><span style=\"font-weight: 400; font-family: verdana, geneva, sans-serif;\">No podr\u00e1n realizar erogaciones de ninguna especie a sujetos relacionados directa o indirectamente con el beneficiario cuya residencia, radicaci\u00f3n o domicilio se encuentre en una jurisdicci\u00f3n no cooperante o de baja o nula tributaci\u00f3n.<\/span><\/li>\n<\/ul>\n<p style=\"text-align: justify;\"><span style=\"font-family: verdana, geneva, sans-serif;\"><span style=\"font-weight: 400;\">El plazo de prohibici\u00f3n para efectuar las operaciones descriptas, se establece durante el ejercicio en curso y los doce (12) meses siguientes a la finalizaci\u00f3n del ejercicio econ\u00f3mico posterior a aquel en el que se otorg\u00f3 el beneficio, <\/span><span style=\"font-weight: 400;\">inclusive por resultados acumulados anteriores<\/span><span style=\"font-weight: 400;\">.<\/span><\/span><\/p>\n<p style=\"text-align: justify;\"><span style=\"font-weight: 400; font-family: verdana, geneva, sans-serif;\">En ning\u00fan caso podr\u00e1 producirse la disminuci\u00f3n del patrimonio neto por las causales\u00a0previamente descriptas, hasta la conclusi\u00f3n del plazo de doce (12) meses antes indicado.<\/span><\/p>\n<p style=\"text-align: justify;\"><span style=\"font-weight: 400; font-family: verdana, geneva, sans-serif;\">Asimismo, se recomend\u00f3 para empresas de m\u00e1s de 800 trabajadores, ampliar por veinticuatro (24) meses los requisitos mencionados.<\/span><\/p>\n<p style=\"text-align: justify;\"><span style=\"font-weight: 400; font-family: verdana, geneva, sans-serif;\">Ahora bien, al querer ingresar a solicitar el beneficio para el mes de mayo, la AFIP habilit\u00f3 la aceptaci\u00f3n de tales requisitos pero con un peque\u00f1o y no menor error para aceptar: pide \u201cNo efectuar las operaciones antes aludidas durante el ejercicio en curso y VEINTICUATRO (24) meses siguientes a la finalizaci\u00f3n del ejercicio \u2026\u201d<\/span><\/p>\n<p style=\"text-align: justify;\"><span style=\"font-weight: 400; font-family: verdana, geneva, sans-serif;\">Entendemos que se trata de un error del aplicativo de la AFIP, bastante grave por cierto, que deber\u00e1 ser solucionado.<\/span><\/p>\n","protected":false},"excerpt":{"rendered":"<p>Una vez m\u00e1s los anuncios luego se van limitando, y aunque alguien re\u00fana los requisitos para acceder a las ayudas del Estado, luego las normas cambian y ponen en peligro el normal desarrollo de sus empresas, por plazos que van de los 12 a los 24 meses. Por lo menos esta vez no es retroactivo, pero quiz\u00e1s haya nuevos anuncios que compliquen a quien el propio Estado ha beneficiado.<\/p>\n","protected":false},"author":1,"featured_media":0,"comment_status":"closed","ping_status":"open","sticky":false,"template":"","format":"standard","meta":{"footnotes":""},"categories":[3],"tags":[],"class_list":["post-75200","post","type-post","status-publish","format-standard","hentry","category-ultimas-noticias"],"_links":{"self":[{"href":"https:\/\/ic.tecnopc.com.ar\/index.php\/wp-json\/wp\/v2\/posts\/75200","targetHints":{"allow":["GET"]}}],"collection":[{"href":"https:\/\/ic.tecnopc.com.ar\/index.php\/wp-json\/wp\/v2\/posts"}],"about":[{"href":"https:\/\/ic.tecnopc.com.ar\/index.php\/wp-json\/wp\/v2\/types\/post"}],"author":[{"embeddable":true,"href":"https:\/\/ic.tecnopc.com.ar\/index.php\/wp-json\/wp\/v2\/users\/1"}],"replies":[{"embeddable":true,"href":"https:\/\/ic.tecnopc.com.ar\/index.php\/wp-json\/wp\/v2\/comments?post=75200"}],"version-history":[{"count":0,"href":"https:\/\/ic.tecnopc.com.ar\/index.php\/wp-json\/wp\/v2\/posts\/75200\/revisions"}],"wp:attachment":[{"href":"https:\/\/ic.tecnopc.com.ar\/index.php\/wp-json\/wp\/v2\/media?parent=75200"}],"wp:term":[{"taxonomy":"category","embeddable":true,"href":"https:\/\/ic.tecnopc.com.ar\/index.php\/wp-json\/wp\/v2\/categories?post=75200"},{"taxonomy":"post_tag","embeddable":true,"href":"https:\/\/ic.tecnopc.com.ar\/index.php\/wp-json\/wp\/v2\/tags?post=75200"}],"curies":[{"name":"wp","href":"https:\/\/api.w.org\/{rel}","templated":true}]}}