{"id":75211,"date":"2020-06-02T10:19:36","date_gmt":"2020-06-02T13:19:36","guid":{"rendered":"https:\/\/iulianocooreman.com.ar\/es\/?p=75211"},"modified":"2020-06-02T10:19:36","modified_gmt":"2020-06-02T13:19:36","slug":"junio-el-atp-sera-parcial","status":"publish","type":"post","link":"https:\/\/ic.tecnopc.com.ar\/index.php\/2020\/06\/02\/junio-el-atp-sera-parcial\/","title":{"rendered":"JUNIO: EL ATP SER\u00c1 PARCIAL"},"content":{"rendered":"<p style=\"text-align: justify;\"><span style=\"font-weight: 400; font-family: verdana, geneva, sans-serif; color: #3366ff;\">Durante el mes de junio tambi\u00e9n continuar\u00e1 parcialmente, por regiones y por sector de actividad, el programa de Asistencia al Trabajo y la Producci\u00f3n (ATP).\u00a0<\/span><!--more--><\/p>\n<p style=\"text-align: justify;\"><span style=\"font-weight: 400; font-family: verdana, geneva, sans-serif;\">La Jefatura de Gabinete, avanz\u00f3 en un esquema de reorganizaci\u00f3n del programa de asistencia ATP para el mes de junio. A partir de la habilitaci\u00f3n de actividades econ\u00f3micas en las provincias y la reapertura de determinados sectores de la industria como la automotriz, el ATP quedar\u00eda reducido, en esta nueva etapa, a los rubros que a\u00fan no fueron habilitados a funcionar de acuerdo a la realidad epidemiol\u00f3gica de cada provincia.<\/span><\/p>\n<p style=\"text-align: justify;\"><span style=\"font-weight: 400; font-family: verdana, geneva, sans-serif;\">Sectores como el turismo, hoteler\u00eda, etc. seguir\u00e1n gozando del beneficio en casi todas las regiones, as\u00ed como las empresas del \u00c1rea Metropolitana, que contin\u00faan con bajos niveles de actividad.<\/span><\/p>\n<p style=\"text-align: justify;\"><span style=\"font-weight: 400; font-family: verdana, geneva, sans-serif;\">La exclusi\u00f3n de empresas operar\u00eda de manera autom\u00e1tica si comienzan a elevar sus montos de facturaci\u00f3n. Para la primera inscripci\u00f3n era necesario que las firmas acreditaran una ca\u00edda en sus ventas en relaci\u00f3n con igual mes del a\u00f1o anterior. Luego se ampli\u00f3 hasta un 5% de aumento en la facturaci\u00f3n, es decir que cualquier empresa que a partir de la flexibilizaci\u00f3n de la cuarentena retome su actividad y supere ese tope de ingresos quedar\u00eda fuera del alcance del ATP.<\/span><\/p>\n","protected":false},"excerpt":{"rendered":"<p>Durante el mes de junio tambi\u00e9n continuar\u00e1 parcialmente, por regiones y por sector de actividad, el programa de Asistencia al Trabajo y la Producci\u00f3n (ATP).\u00a0<\/p>\n","protected":false},"author":1,"featured_media":0,"comment_status":"closed","ping_status":"open","sticky":false,"template":"","format":"standard","meta":{"footnotes":""},"categories":[3],"tags":[],"class_list":["post-75211","post","type-post","status-publish","format-standard","hentry","category-ultimas-noticias"],"_links":{"self":[{"href":"https:\/\/ic.tecnopc.com.ar\/index.php\/wp-json\/wp\/v2\/posts\/75211","targetHints":{"allow":["GET"]}}],"collection":[{"href":"https:\/\/ic.tecnopc.com.ar\/index.php\/wp-json\/wp\/v2\/posts"}],"about":[{"href":"https:\/\/ic.tecnopc.com.ar\/index.php\/wp-json\/wp\/v2\/types\/post"}],"author":[{"embeddable":true,"href":"https:\/\/ic.tecnopc.com.ar\/index.php\/wp-json\/wp\/v2\/users\/1"}],"replies":[{"embeddable":true,"href":"https:\/\/ic.tecnopc.com.ar\/index.php\/wp-json\/wp\/v2\/comments?post=75211"}],"version-history":[{"count":0,"href":"https:\/\/ic.tecnopc.com.ar\/index.php\/wp-json\/wp\/v2\/posts\/75211\/revisions"}],"wp:attachment":[{"href":"https:\/\/ic.tecnopc.com.ar\/index.php\/wp-json\/wp\/v2\/media?parent=75211"}],"wp:term":[{"taxonomy":"category","embeddable":true,"href":"https:\/\/ic.tecnopc.com.ar\/index.php\/wp-json\/wp\/v2\/categories?post=75211"},{"taxonomy":"post_tag","embeddable":true,"href":"https:\/\/ic.tecnopc.com.ar\/index.php\/wp-json\/wp\/v2\/tags?post=75211"}],"curies":[{"name":"wp","href":"https:\/\/api.w.org\/{rel}","templated":true}]}}