{"id":75226,"date":"2020-06-09T15:21:15","date_gmt":"2020-06-09T18:21:15","guid":{"rendered":"https:\/\/iulianocooreman.com.ar\/es\/?p=75226"},"modified":"2020-06-09T15:21:15","modified_gmt":"2020-06-09T18:21:15","slug":"afip-feria-fiscal-hasta-el-28-de-junio","status":"publish","type":"post","link":"https:\/\/ic.tecnopc.com.ar\/index.php\/2020\/06\/09\/afip-feria-fiscal-hasta-el-28-de-junio\/","title":{"rendered":"AFIP: FERIA FISCAL HASTA EL 28 DE JUNIO"},"content":{"rendered":"<p style=\"text-align: justify;\"><span style=\"font-weight: 400; font-family: verdana, geneva, sans-serif; color: #3366ff;\">La Administraci\u00f3n Federal de Ingresos P\u00fablicos prorrog\u00f3 la feria fiscal hasta el 28 de junio inclusive, a trav\u00e9s de la resoluci\u00f3n general 4736\/2020 publicada hoy en el Bolet\u00edn Oficial.<\/span><!--more--><\/p>\n<p style=\"text-align: justify;\"><span style=\"font-weight: 400; font-family: verdana, geneva, sans-serif;\">La resoluci\u00f3n establece que se mantendr\u00e1 la suspensi\u00f3n del c\u00f3mputo de los plazos vigentes para los contribuyentes en distintos procedimientos administrativos: determinaciones de oficio, sumarios, multas, descargos, clausuras, intimaciones de pago y requerimientos de fiscalizaci\u00f3n, entre otros.<\/span><\/p>\n<p style=\"text-align: justify;\"><span style=\"font-weight: 400; font-family: verdana, geneva, sans-serif;\">Recordar siempre, que esta decisi\u00f3n no implica ninguna modificaci\u00f3n ni pr\u00f3rroga sobre los vencimientos de impuestos.<\/span><\/p>\n<p style=\"text-align: justify;\"><span style=\"font-weight: 400; font-family: verdana, geneva, sans-serif;\">Una feria fiscal consiste en la extensi\u00f3n de todos los plazos procedimentales en materia impositiva, aduanera y de la seguridad social y suspende el c\u00f3mputo de los plazos que rigen para la respuesta de los contribuyentes a los requerimientos del organismo.<\/span><\/p>\n<p style=\"text-align: justify;\"><span style=\"font-weight: 400; font-family: verdana, geneva, sans-serif;\">La resoluci\u00f3n mantiene habilitados los procedimientos de fiscalizaci\u00f3n que realiza la AFIP en funci\u00f3n de la informaci\u00f3n proporcionada por la Organizaci\u00f3n para la Cooperaci\u00f3n y el Desarrollo Econ\u00f3micos (OCDE) sobre cuentas de argentinos en el exterior.<\/span><\/p>\n","protected":false},"excerpt":{"rendered":"<p>La Administraci\u00f3n Federal de Ingresos P\u00fablicos prorrog\u00f3 la feria fiscal hasta el 28 de junio inclusive, a trav\u00e9s de la resoluci\u00f3n general 4736\/2020 publicada hoy en el Bolet\u00edn Oficial.<\/p>\n","protected":false},"author":1,"featured_media":0,"comment_status":"closed","ping_status":"open","sticky":false,"template":"","format":"standard","meta":{"footnotes":""},"categories":[3],"tags":[],"class_list":["post-75226","post","type-post","status-publish","format-standard","hentry","category-ultimas-noticias"],"_links":{"self":[{"href":"https:\/\/ic.tecnopc.com.ar\/index.php\/wp-json\/wp\/v2\/posts\/75226","targetHints":{"allow":["GET"]}}],"collection":[{"href":"https:\/\/ic.tecnopc.com.ar\/index.php\/wp-json\/wp\/v2\/posts"}],"about":[{"href":"https:\/\/ic.tecnopc.com.ar\/index.php\/wp-json\/wp\/v2\/types\/post"}],"author":[{"embeddable":true,"href":"https:\/\/ic.tecnopc.com.ar\/index.php\/wp-json\/wp\/v2\/users\/1"}],"replies":[{"embeddable":true,"href":"https:\/\/ic.tecnopc.com.ar\/index.php\/wp-json\/wp\/v2\/comments?post=75226"}],"version-history":[{"count":0,"href":"https:\/\/ic.tecnopc.com.ar\/index.php\/wp-json\/wp\/v2\/posts\/75226\/revisions"}],"wp:attachment":[{"href":"https:\/\/ic.tecnopc.com.ar\/index.php\/wp-json\/wp\/v2\/media?parent=75226"}],"wp:term":[{"taxonomy":"category","embeddable":true,"href":"https:\/\/ic.tecnopc.com.ar\/index.php\/wp-json\/wp\/v2\/categories?post=75226"},{"taxonomy":"post_tag","embeddable":true,"href":"https:\/\/ic.tecnopc.com.ar\/index.php\/wp-json\/wp\/v2\/tags?post=75226"}],"curies":[{"name":"wp","href":"https:\/\/api.w.org\/{rel}","templated":true}]}}