{"id":75270,"date":"2020-07-18T10:24:38","date_gmt":"2020-07-18T13:24:38","guid":{"rendered":"https:\/\/iulianocooreman.com.ar\/es\/?p=75270"},"modified":"2020-07-18T10:24:38","modified_gmt":"2020-07-18T13:24:38","slug":"afip-mas-control-sobre-bienes-del-exterior","status":"publish","type":"post","link":"https:\/\/ic.tecnopc.com.ar\/index.php\/2020\/07\/18\/afip-mas-control-sobre-bienes-del-exterior\/","title":{"rendered":"AFIP M\u00c1S CONTROL SOBRE BIENES DEL EXTERIOR"},"content":{"rendered":"<p style=\"text-align: justify;\"><span style=\"font-weight: 400; font-family: verdana, geneva, sans-serif; color: #3366ff;\">La AFIP estableci\u00f3 una serie de modificaciones para que no se argumente la p\u00e9rdida de residencia en Argentina, s\u00f3lo con la baja del domicilio fiscal.<\/span><!--more--><\/p>\n<p style=\"text-align: justify;\"><span style=\"font-weight: 400; font-family: verdana, geneva, sans-serif;\">Esta norma apunta a quienes han elegido cambiar la residencia fiscal.\u00a0<\/span><\/p>\n<p style=\"text-align: justify;\"><span style=\"font-weight: 400; font-family: verdana, geneva, sans-serif;\">Insistimos en uno de los requisitos que tratamos de imponer como protocolo, para inmuebles del exterior: Pedir tasaciones al 31 de diciembre 2019, previendo que se generen nuevas normas sobre esos bienes.<\/span><\/p>\n<p style=\"text-align: justify;\"><span style=\"font-weight: 400; font-family: verdana, geneva, sans-serif;\">La Administraci\u00f3n Federal de Ingresos P\u00fablicos (AFIP) endureci\u00f3 hoy el control sobre los activos de los argentinos en el exterior, a trav\u00e9s de una serie de modificaciones de criterio sobre el impuesto a los bienes personales. Las medidas fueron publicadas en el Bolet\u00edn Oficial.<\/span><\/p>\n<p style=\"text-align: justify;\"><span style=\"font-weight: 400; font-family: verdana, geneva, sans-serif;\">En diciembre de 2019, cuando el Gobierno logr\u00f3 la sanci\u00f3n de la Ley de Solidaridad Social, tras la asunci\u00f3n de Alberto Fern\u00e1ndez, se estableci\u00f3 que los bienes en el exterior tributasen con una al\u00edcuota del 2,25%. El criterio en ese caso indicaba que lo deber\u00edan pagar quienes tuvieran domicilio fiscal en la Argentina.<\/span><\/p>\n<p style=\"text-align: justify;\"><span style=\"font-weight: 400; font-family: verdana, geneva, sans-serif;\">A trav\u00e9s de la Resoluci\u00f3n General 4760\/2020, el organismo resolvi\u00f3 que el criterio para tributar Bienes Personales ser\u00e1 igual que con el Impuesto a las Ganancias: la residencia en lugar del domicilio fiscal. \u201cLas personas humanas que soliciten la cancelaci\u00f3n de la inscripci\u00f3n en el impuesto a las ganancias y\/o en el impuesto sobre los bienes personales, deber\u00e1n\u201d:<\/span><\/p>\n<p style=\"text-align: justify;\"><span style=\"font-weight: 400; font-family: verdana, geneva, sans-serif;\">&#8211; Declarar bajo juramento y en forma previa a la presentaci\u00f3n de la solicitud, su domicilio en el exterior.<\/span><\/p>\n<p style=\"text-align: justify;\"><span style=\"font-weight: 400; font-family: verdana, geneva, sans-serif;\">&#8211; Al momento de solicitar la baja de acuerdo con el procedimiento dispuesto por el art\u00edculo anterior, declarar los motivos de la p\u00e9rdida de la residencia local.<\/span><\/p>\n<p style=\"text-align: justify;\"><span style=\"font-weight: 400; font-family: verdana, geneva, sans-serif;\">&#8211; Cuando la solicitud de baja se refiera al impuesto sobre los bienes personales, informar \u2013de corresponder- los datos del sujeto designado como responsable sustituto, y pedir su aceptaci\u00f3n.\u00a0<\/span><\/p>\n<p style=\"text-align: justify;\"><span style=\"font-weight: 400; font-family: verdana, geneva, sans-serif;\">En tanto, aquellos que hubiesen solicitado la cancelaci\u00f3n de la inscripci\u00f3n en el impuesto sobre los bienes personales con el motivo \u201cbaja por no poseer domicilio en el pa\u00eds\u201d, -previo a la vigencia de la actual resoluci\u00f3n- deber\u00e1n acreditar que \u201cno revest\u00edan al 31 de diciembre de 2019 la condici\u00f3n de residentes en el pa\u00eds en los t\u00e9rminos de la Ley de Impuesto a las Ganancias, de 2019\u2033.<\/span><\/p>\n","protected":false},"excerpt":{"rendered":"<p>La AFIP estableci\u00f3 una serie de modificaciones para que no se argumente la p\u00e9rdida de residencia en Argentina, s\u00f3lo con la baja del domicilio fiscal.<\/p>\n","protected":false},"author":1,"featured_media":0,"comment_status":"closed","ping_status":"open","sticky":false,"template":"","format":"standard","meta":{"footnotes":""},"categories":[3],"tags":[],"class_list":["post-75270","post","type-post","status-publish","format-standard","hentry","category-ultimas-noticias"],"_links":{"self":[{"href":"https:\/\/ic.tecnopc.com.ar\/index.php\/wp-json\/wp\/v2\/posts\/75270","targetHints":{"allow":["GET"]}}],"collection":[{"href":"https:\/\/ic.tecnopc.com.ar\/index.php\/wp-json\/wp\/v2\/posts"}],"about":[{"href":"https:\/\/ic.tecnopc.com.ar\/index.php\/wp-json\/wp\/v2\/types\/post"}],"author":[{"embeddable":true,"href":"https:\/\/ic.tecnopc.com.ar\/index.php\/wp-json\/wp\/v2\/users\/1"}],"replies":[{"embeddable":true,"href":"https:\/\/ic.tecnopc.com.ar\/index.php\/wp-json\/wp\/v2\/comments?post=75270"}],"version-history":[{"count":0,"href":"https:\/\/ic.tecnopc.com.ar\/index.php\/wp-json\/wp\/v2\/posts\/75270\/revisions"}],"wp:attachment":[{"href":"https:\/\/ic.tecnopc.com.ar\/index.php\/wp-json\/wp\/v2\/media?parent=75270"}],"wp:term":[{"taxonomy":"category","embeddable":true,"href":"https:\/\/ic.tecnopc.com.ar\/index.php\/wp-json\/wp\/v2\/categories?post=75270"},{"taxonomy":"post_tag","embeddable":true,"href":"https:\/\/ic.tecnopc.com.ar\/index.php\/wp-json\/wp\/v2\/tags?post=75270"}],"curies":[{"name":"wp","href":"https:\/\/api.w.org\/{rel}","templated":true}]}}