{"id":75276,"date":"2020-07-22T12:53:48","date_gmt":"2020-07-22T15:53:48","guid":{"rendered":"https:\/\/iulianocooreman.com.ar\/es\/?p=75276"},"modified":"2020-07-22T12:53:48","modified_gmt":"2020-07-22T15:53:48","slug":"algunas-prorrogas","status":"publish","type":"post","link":"https:\/\/ic.tecnopc.com.ar\/index.php\/2020\/07\/22\/algunas-prorrogas\/","title":{"rendered":"ALGUNAS PR\u00d3RROGAS"},"content":{"rendered":"<p style=\"text-align: justify;\"><span style=\"font-weight: 400; font-family: verdana, geneva, sans-serif;\"><span style=\"color: #3366ff;\">Lamentablemente no han sido prorrogadas las declaraciones juradas determinativas de Ganancias y Bienes Personales 2019<\/span>.<\/span><!--more--><\/p>\n<h4 style=\"text-align: justify;\"><span style=\"font-family: verdana, geneva, sans-serif;\"><b>AFIP:<\/b><\/span><\/h4>\n<p style=\"text-align: justify;\"><span style=\"font-family: verdana, geneva, sans-serif;\"><span style=\"font-weight: 400;\">La Administraci\u00f3n Federal de Ingresos P\u00fablicos (AFIP) prorrog\u00f3 hasta el <\/span><span style=\"font-weight: 400;\">31 de agosto de 2020<\/span><span style=\"font-weight: 400;\">, <\/span><span style=\"font-weight: 400;\">inclusive<\/span><span style=\"font-weight: 400;\">, el plazo para la presentaci\u00f3n de las <\/span><span style=\"font-weight: 400;\">declaraciones juradas <\/span><b>informativas<\/b><span style=\"font-weight: 400;\"> de los impuestos a las Ganancias y sobre los Bienes Personales para el per\u00edodo fiscal 2019<\/span><span style=\"font-weight: 400;\"> y elev\u00f3 de 1.500.000 a $2.000.000 del monto m\u00ednimo ingresos y rentas de ese a\u00f1o, b\u00e1sicamente para los empleados en relaci\u00f3n de dependencia que no tienen que pagar ni Ganancias ni Bienes Personales pero est\u00e1n obligados a presentar la declaraci\u00f3n jurada informativa.<\/span><\/span><\/p>\n<p style=\"text-align: justify;\"><span style=\"font-family: verdana, geneva, sans-serif;\"><span style=\"font-weight: 400;\">La Administraci\u00f3n Federal de Ingresos P\u00fablicos anunci\u00f3 este lunes la pr\u00f3rroga de la <\/span><span style=\"font-weight: 400;\">feria fiscal hasta el 2 de agosto inclusive<\/span><span style=\"font-weight: 400;\">, manteniendo as\u00ed la suspensi\u00f3n del c\u00f3mputo de los plazos vigentes para los contribuyentes en distintos procedimientos administrativos mientras contin\u00fae el aislamiento social.\u00a0<\/span><\/span><\/p>\n<p style=\"text-align: justify;\"><span style=\"font-weight: 400; font-family: verdana, geneva, sans-serif;\">La medida alcanza a determinaciones de oficio, sumarios, multas, descargos, clausuras, intimaciones de pago y requerimientos de fiscalizaci\u00f3n, entre otros, inform\u00f3 el ente recaudador en un comunicado.<\/span><\/p>\n<p style=\"text-align: justify;\"><span style=\"font-weight: 400; font-family: verdana, geneva, sans-serif;\">Est\u00e1n excluidos los vencimientos de las presentaciones de las declaraciones juradas y \/o pagos. Tambi\u00e9n, se mantienen habilitados los procedimientos de fiscalizaci\u00f3n que realiza la AFIP en funci\u00f3n de la informaci\u00f3n proporcionada por la Organizaci\u00f3n para el Comercio y el Desarrollo (OCDE) sobre cuentas de argentinos en el exterior.<\/span><\/p>\n<p style=\"text-align: justify;\"><span style=\"font-weight: 400; font-family: verdana, geneva, sans-serif;\">En este sentido, no se suspenden las acciones de la AFIP; no obstante, durante su vigencia &#8220;quedan en suspenso el c\u00f3mputo de los plazos que rigen para la respuesta de los contribuyentes a los requerimientos del organismo&#8221;.<\/span><\/p>\n<h4 style=\"text-align: justify;\"><span style=\"font-family: verdana, geneva, sans-serif;\"><b>Ciudad Aut\u00f3noma de Buenos Aires:<\/b><\/span><\/h4>\n<p style=\"text-align: justify;\"><span style=\"font-family: verdana, geneva, sans-serif;\"><span style=\"font-weight: 400;\">Se prorrog\u00f3 hasta el d\u00eda <\/span><span style=\"font-weight: 400;\">30 de septiembre del a\u00f1o 2020<\/span><span style=\"font-weight: 400;\"> inclusive, el plazo estipulado para que los empleadores con domicilio legal o establecimientos localizados en la Ciudad Aut\u00f3noma de Buenos Aires, den cumplimiento con la carga de informaci\u00f3n requerida por el &#8220;<\/span><span style=\"font-weight: 400;\">Registro de Empleadores On Line<\/span><span style=\"font-weight: 400;\">&#8221; correspondiente al ejercicio fiscal 2019, en virtud de la Emergencia Sanitaria declarada en el \u00e1mbito de la Ciudad Aut\u00f3noma de Buenos Aires, a los fines de atender y adoptar las medidas necesarias para prevenir y reducir el riesgo de propagaci\u00f3n del contagio en la poblaci\u00f3n del coronavirus (COVID19).<\/span><\/span><\/p>\n","protected":false},"excerpt":{"rendered":"<p>Lamentablemente no han sido prorrogadas las declaraciones juradas determinativas de Ganancias y Bienes Personales 2019.<\/p>\n","protected":false},"author":1,"featured_media":0,"comment_status":"closed","ping_status":"open","sticky":false,"template":"","format":"standard","meta":{"footnotes":""},"categories":[3],"tags":[],"class_list":["post-75276","post","type-post","status-publish","format-standard","hentry","category-ultimas-noticias"],"_links":{"self":[{"href":"https:\/\/ic.tecnopc.com.ar\/index.php\/wp-json\/wp\/v2\/posts\/75276","targetHints":{"allow":["GET"]}}],"collection":[{"href":"https:\/\/ic.tecnopc.com.ar\/index.php\/wp-json\/wp\/v2\/posts"}],"about":[{"href":"https:\/\/ic.tecnopc.com.ar\/index.php\/wp-json\/wp\/v2\/types\/post"}],"author":[{"embeddable":true,"href":"https:\/\/ic.tecnopc.com.ar\/index.php\/wp-json\/wp\/v2\/users\/1"}],"replies":[{"embeddable":true,"href":"https:\/\/ic.tecnopc.com.ar\/index.php\/wp-json\/wp\/v2\/comments?post=75276"}],"version-history":[{"count":0,"href":"https:\/\/ic.tecnopc.com.ar\/index.php\/wp-json\/wp\/v2\/posts\/75276\/revisions"}],"wp:attachment":[{"href":"https:\/\/ic.tecnopc.com.ar\/index.php\/wp-json\/wp\/v2\/media?parent=75276"}],"wp:term":[{"taxonomy":"category","embeddable":true,"href":"https:\/\/ic.tecnopc.com.ar\/index.php\/wp-json\/wp\/v2\/categories?post=75276"},{"taxonomy":"post_tag","embeddable":true,"href":"https:\/\/ic.tecnopc.com.ar\/index.php\/wp-json\/wp\/v2\/tags?post=75276"}],"curies":[{"name":"wp","href":"https:\/\/api.w.org\/{rel}","templated":true}]}}