{"id":75287,"date":"2020-07-24T10:31:16","date_gmt":"2020-07-24T13:31:16","guid":{"rendered":"https:\/\/iulianocooreman.com.ar\/es\/?p=75287"},"modified":"2020-07-24T10:31:16","modified_gmt":"2020-07-24T13:31:16","slug":"prohibicion-de-despidos-60-dias-mas-2-2","status":"publish","type":"post","link":"https:\/\/ic.tecnopc.com.ar\/index.php\/2020\/07\/24\/prohibicion-de-despidos-60-dias-mas-2-2\/","title":{"rendered":"PROHIBICI\u00d3N DE DESPIDOS: 60 D\u00cdAS M\u00c1S"},"content":{"rendered":"<p style=\"text-align: justify;\"><span style=\"font-weight: 400; font-family: verdana, geneva, sans-serif; color: #3366ff;\">El Gobierno extender\u00e1 por 60 d\u00edas la prohibici\u00f3n de los despidos sin justa causa y las suspensiones por las causales de falta o disminuci\u00f3n de trabajo y fuerza mayor que venc\u00edan el 31 de julio.<\/span><!--more--><\/p>\n<p style=\"text-align: justify;\"><span style=\"font-weight: 400; font-family: verdana, geneva, sans-serif;\">Se anunci\u00f3 que en las pr\u00f3ximas horas, se publicar\u00e1 la prorroga por 60 d\u00edas la prohibici\u00f3n de despidos y suspensiones que dejaba de regir el 31 de julio.<\/span><\/p>\n<p style=\"text-align: justify;\"><span style=\"font-weight: 400; font-family: verdana, geneva, sans-serif;\">Esta prohibici\u00f3n se sustenta en que cualquier notificaci\u00f3n de despido sin causa o suspensi\u00f3n sin goce de sueldo, no producir\u00e1n efecto alguno, manteni\u00e9ndose vigentes las relaciones laborales existentes y sus condiciones actuales.<\/span><\/p>\n<p style=\"text-align: justify;\"><span style=\"font-weight: 400; font-family: verdana, geneva, sans-serif;\">Al igual que en las anteriores ocasiones quedar\u00e1n exceptuadas de la prohibici\u00f3n las suspensiones por el 223 bis.<\/span><\/p>\n","protected":false},"excerpt":{"rendered":"<p>El Gobierno extender\u00e1 por 60 d\u00edas la prohibici\u00f3n de los despidos sin justa causa y las suspensiones por las causales de falta o disminuci\u00f3n de trabajo y fuerza mayor que venc\u00edan el 31 de julio.<\/p>\n","protected":false},"author":1,"featured_media":0,"comment_status":"closed","ping_status":"open","sticky":false,"template":"","format":"standard","meta":{"footnotes":""},"categories":[3],"tags":[],"class_list":["post-75287","post","type-post","status-publish","format-standard","hentry","category-ultimas-noticias"],"_links":{"self":[{"href":"https:\/\/ic.tecnopc.com.ar\/index.php\/wp-json\/wp\/v2\/posts\/75287","targetHints":{"allow":["GET"]}}],"collection":[{"href":"https:\/\/ic.tecnopc.com.ar\/index.php\/wp-json\/wp\/v2\/posts"}],"about":[{"href":"https:\/\/ic.tecnopc.com.ar\/index.php\/wp-json\/wp\/v2\/types\/post"}],"author":[{"embeddable":true,"href":"https:\/\/ic.tecnopc.com.ar\/index.php\/wp-json\/wp\/v2\/users\/1"}],"replies":[{"embeddable":true,"href":"https:\/\/ic.tecnopc.com.ar\/index.php\/wp-json\/wp\/v2\/comments?post=75287"}],"version-history":[{"count":0,"href":"https:\/\/ic.tecnopc.com.ar\/index.php\/wp-json\/wp\/v2\/posts\/75287\/revisions"}],"wp:attachment":[{"href":"https:\/\/ic.tecnopc.com.ar\/index.php\/wp-json\/wp\/v2\/media?parent=75287"}],"wp:term":[{"taxonomy":"category","embeddable":true,"href":"https:\/\/ic.tecnopc.com.ar\/index.php\/wp-json\/wp\/v2\/categories?post=75287"},{"taxonomy":"post_tag","embeddable":true,"href":"https:\/\/ic.tecnopc.com.ar\/index.php\/wp-json\/wp\/v2\/tags?post=75287"}],"curies":[{"name":"wp","href":"https:\/\/api.w.org\/{rel}","templated":true}]}}