{"id":75293,"date":"2020-07-28T13:01:04","date_gmt":"2020-07-28T16:01:04","guid":{"rendered":"https:\/\/iulianocooreman.com.ar\/es\/?p=75293"},"modified":"2020-07-28T13:01:04","modified_gmt":"2020-07-28T16:01:04","slug":"salio-el-atp-de-julio","status":"publish","type":"post","link":"https:\/\/ic.tecnopc.com.ar\/index.php\/2020\/07\/28\/salio-el-atp-de-julio\/","title":{"rendered":"SALI\u00d3 EL ATP DE JULIO"},"content":{"rendered":"<p style=\"text-align: justify;\"><span style=\"font-family: verdana, geneva, sans-serif; color: #3366ff;\"><span style=\"font-weight: 400;\">El Decreto del Gobierno Nacional 621\/20 anunci\u00f3 una ampliaci\u00f3n del programa de Asistencia al Trabajo y la Producci\u00f3n (ATP) que incorpora financiamiento para las empresas que tengan <\/span><span style=\"font-weight: 400;\">una mejora interanual en su facturaci\u00f3n<\/span><span style=\"font-weight: 400;\">.<\/span><\/span><!--more--><\/p>\n<p style=\"text-align: justify;\"><span style=\"font-weight: 400; font-family: verdana, geneva, sans-serif;\">El esquema quedar\u00eda de la siguiente manera independientemente de la zona geogr\u00e1fica, es decir que aplica a todo el pa\u00eds por igual:<\/span><\/p>\n<ul style=\"text-align: justify;\">\n<li><span style=\"font-family: verdana, geneva, sans-serif;\"><span style=\"font-weight: 400;\">Actividades cr\u00edticas (turismo, entretenimiento y cultura, salud y deportes): <\/span><span style=\"font-weight: 400;\">cualquiera sea su par\u00e1metro de facturaci\u00f3n<\/span><span style=\"font-weight: 400;\"> el beneficio ser\u00e1 el Salario Complementario (m\u00e1ximo 33.750 por trabajador)<\/span><\/span><\/li>\n<\/ul>\n<p style=\"text-align: justify;\"><span style=\"font-weight: 400; font-family: verdana, geneva, sans-serif;\">\u00a0Resto de las actividades:\u00a0<\/span><\/p>\n<ul style=\"text-align: justify;\">\n<li><span style=\"font-family: verdana, geneva, sans-serif;\"><span style=\"font-weight: 400;\">Facturaci\u00f3n <\/span><span style=\"font-weight: 400;\">06\/2020 menor a 06\/2019<\/span><span style=\"font-weight: 400;\"> el beneficio ser\u00e1 el Salario Complementario (m\u00e1ximo 25.312 por trabajador)<\/span><\/span><\/li>\n<li><span style=\"font-family: verdana, geneva, sans-serif;\"><span style=\"font-weight: 400;\">Facturaci\u00f3n <\/span><span style=\"font-weight: 400;\">06\/2020 mayor o igual a 06\/2019<\/span><span style=\"font-weight: 400;\"> el beneficio ser\u00e1 un Cr\u00e9dito Garantizado por el Estado Nacional\u00a0 ( hasta 20.250 por trabajador). En un cr\u00e9dito <\/span><span style=\"font-weight: 400;\">con 3 meses de gracia y a devolver en 12 cuotas fijas, destinado exclusivamente para pago de salarios<\/span><span style=\"font-weight: 400;\">. En este caso hay 3 posibilidades:<\/span><\/span><\/li>\n<\/ul>\n<ol style=\"text-align: justify;\">\n<li><span style=\"font-weight: 400; font-family: verdana, geneva, sans-serif;\">Si la variaci\u00f3n en la facturaci\u00f3n es del 0% al 10%: tasa del cr\u00e9dito 0%<\/span><\/li>\n<li><span style=\"font-weight: 400; font-family: verdana, geneva, sans-serif;\">Si la variaci\u00f3n en la facturaci\u00f3n es del 11% al 20%: tasa del cr\u00e9dito 7,5%<\/span><\/li>\n<li><span style=\"font-weight: 400; font-family: verdana, geneva, sans-serif;\">Si la variaci\u00f3n en la facturaci\u00f3n es del 21% al 30%: tasa del cr\u00e9dito 15%<\/span><\/li>\n<\/ol>\n<p style=\"text-align: justify;\"><span style=\"font-weight: 400; font-family: verdana, geneva, sans-serif;\">\u00a0<\/span><\/p>\n<p style=\"text-align: justify;\"><span style=\"font-weight: 400; font-family: verdana, geneva, sans-serif;\">Se mantienen las restricciones aplicables por el plazo de 12 meses en el caso de adherirse:<\/span><\/p>\n<p style=\"text-align: justify;\"><span style=\"font-weight: 400; font-family: verdana, geneva, sans-serif;\">-No distribuir dividendos de utilidades por los per\u00edodos fiscales cerrados a partir de noviembre de 2019.<\/span><\/p>\n<p style=\"text-align: justify;\"><span style=\"font-weight: 400; font-family: verdana, geneva, sans-serif;\">-No recompra sus acciones directa o indirectamente.<\/span><\/p>\n<p style=\"text-align: justify;\"><span style=\"font-weight: 400; font-family: verdana, geneva, sans-serif;\">-No adquirir t\u00edtulos valores en pesos para su posterior e inmediata venta en moneda extranjera o su transferencia en custodia al exterior. (Contado con Liqui y similares)<\/span><\/p>\n<p style=\"text-align: justify;\"><span style=\"font-weight: 400; font-family: verdana, geneva, sans-serif;\">-No realizar erogaciones de alguna especie a sujetos relacionados directa o indirectamente con beneficiarios cuya residencia, radicaci\u00f3n o domicilio se encuentre en una jurisdicci\u00f3n no cooperante o de baja o nula tributaci\u00f3n.<\/span><\/p>\n","protected":false},"excerpt":{"rendered":"<p>El Decreto del Gobierno Nacional 621\/20 anunci\u00f3 una ampliaci\u00f3n del programa de Asistencia al Trabajo y la Producci\u00f3n (ATP) que incorpora financiamiento para las empresas que tengan una mejora interanual en su facturaci\u00f3n.<\/p>\n","protected":false},"author":1,"featured_media":0,"comment_status":"closed","ping_status":"open","sticky":false,"template":"","format":"standard","meta":{"footnotes":""},"categories":[3],"tags":[],"class_list":["post-75293","post","type-post","status-publish","format-standard","hentry","category-ultimas-noticias"],"_links":{"self":[{"href":"https:\/\/ic.tecnopc.com.ar\/index.php\/wp-json\/wp\/v2\/posts\/75293","targetHints":{"allow":["GET"]}}],"collection":[{"href":"https:\/\/ic.tecnopc.com.ar\/index.php\/wp-json\/wp\/v2\/posts"}],"about":[{"href":"https:\/\/ic.tecnopc.com.ar\/index.php\/wp-json\/wp\/v2\/types\/post"}],"author":[{"embeddable":true,"href":"https:\/\/ic.tecnopc.com.ar\/index.php\/wp-json\/wp\/v2\/users\/1"}],"replies":[{"embeddable":true,"href":"https:\/\/ic.tecnopc.com.ar\/index.php\/wp-json\/wp\/v2\/comments?post=75293"}],"version-history":[{"count":0,"href":"https:\/\/ic.tecnopc.com.ar\/index.php\/wp-json\/wp\/v2\/posts\/75293\/revisions"}],"wp:attachment":[{"href":"https:\/\/ic.tecnopc.com.ar\/index.php\/wp-json\/wp\/v2\/media?parent=75293"}],"wp:term":[{"taxonomy":"category","embeddable":true,"href":"https:\/\/ic.tecnopc.com.ar\/index.php\/wp-json\/wp\/v2\/categories?post=75293"},{"taxonomy":"post_tag","embeddable":true,"href":"https:\/\/ic.tecnopc.com.ar\/index.php\/wp-json\/wp\/v2\/tags?post=75293"}],"curies":[{"name":"wp","href":"https:\/\/api.w.org\/{rel}","templated":true}]}}