{"id":75308,"date":"2020-08-06T09:43:35","date_gmt":"2020-08-06T12:43:35","guid":{"rendered":"https:\/\/iulianocooreman.com.ar\/es\/?p=75308"},"modified":"2020-08-06T09:43:35","modified_gmt":"2020-08-06T12:43:35","slug":"novedades-importantes-en-pandemia","status":"publish","type":"post","link":"https:\/\/ic.tecnopc.com.ar\/index.php\/2020\/08\/06\/novedades-importantes-en-pandemia\/","title":{"rendered":"NOVEDADES IMPORTANTES EN PANDEMIA"},"content":{"rendered":"<p style=\"text-align: justify;\"><span style=\"font-weight: 400; font-family: verdana, geneva, sans-serif; color: #3366ff;\">La Corte Suprema suspendi\u00f3 otra vez los plazos judiciales y la AFIP prorrog\u00f3 otra vez la Feria Fiscal, la IGJ incorpor\u00f3 cupos de g\u00e9nero para los \u00f3rganos directivos de sociedades y asociaciones y la ANSES relanz\u00f3 el Plan Procrear con cr\u00e9ditos para viviendas.\u00a0<\/span><!--more--><\/p>\n<p style=\"text-align: justify;\"><span style=\"font-family: verdana, geneva, sans-serif;\"><span style=\"font-weight: 400;\">FERIA JUDICIAL<\/span><span style=\"font-weight: 400;\">: Se suspenden los plazos judiciales <\/span><span style=\"font-weight: 400;\">hasta el 12 de agosto<\/span><span style=\"font-weight: 400;\">.<\/span><\/span><\/p>\n<p style=\"text-align: justify;\"><span style=\"font-family: verdana, geneva, sans-serif;\"><span style=\"font-weight: 400;\">FERIA FISCAL<\/span><span style=\"font-weight: 400;\">: Se suspenden los plazos administrativos <\/span><span style=\"font-weight: 400;\">hasta el 18 de agosto<\/span><span style=\"font-weight: 400;\">.<\/span><\/span><\/p>\n<p style=\"text-align: justify;\"><span style=\"font-family: verdana, geneva, sans-serif;\"><span style=\"font-weight: 400;\">IGJ<\/span><span style=\"font-weight: 400;\">: Los \u00d3rganos de Administraci\u00f3n tendr\u00e1n que <\/span><span style=\"font-weight: 400;\">respetar la DIVERSIDAD DE G\u00c9NERO<\/span><span style=\"font-weight: 400;\"> en Asociaciones Civiles, Fundaciones, Sociedades Unipersonales y Sociedades An\u00f3nimas con control estatal.<\/span><\/span><\/p>\n<p style=\"text-align: justify;\"><span style=\"font-family: verdana, geneva, sans-serif;\"><span style=\"font-weight: 400;\">PROCREAR<\/span><span style=\"font-weight: 400;\">: Habr\u00e1 <\/span><span style=\"font-weight: 400;\">300.000 cr\u00e9ditos para mejoras y 44.000 para construir nuevas viviendas<\/span><span style=\"font-weight: 400;\">. Anunciaron que la inscripci\u00f3n ya est\u00e1 abierta a trav\u00e9s de la p\u00e1gina web de Procrear.<\/span><\/span><\/p>\n","protected":false},"excerpt":{"rendered":"<p>La Corte Suprema suspendi\u00f3 otra vez los plazos judiciales y la AFIP prorrog\u00f3 otra vez la Feria Fiscal, la IGJ incorpor\u00f3 cupos de g\u00e9nero para los \u00f3rganos directivos de sociedades y asociaciones y la ANSES relanz\u00f3 el Plan Procrear con cr\u00e9ditos para viviendas.\u00a0<\/p>\n","protected":false},"author":1,"featured_media":0,"comment_status":"closed","ping_status":"open","sticky":false,"template":"","format":"standard","meta":{"footnotes":""},"categories":[3],"tags":[],"class_list":["post-75308","post","type-post","status-publish","format-standard","hentry","category-ultimas-noticias"],"_links":{"self":[{"href":"https:\/\/ic.tecnopc.com.ar\/index.php\/wp-json\/wp\/v2\/posts\/75308","targetHints":{"allow":["GET"]}}],"collection":[{"href":"https:\/\/ic.tecnopc.com.ar\/index.php\/wp-json\/wp\/v2\/posts"}],"about":[{"href":"https:\/\/ic.tecnopc.com.ar\/index.php\/wp-json\/wp\/v2\/types\/post"}],"author":[{"embeddable":true,"href":"https:\/\/ic.tecnopc.com.ar\/index.php\/wp-json\/wp\/v2\/users\/1"}],"replies":[{"embeddable":true,"href":"https:\/\/ic.tecnopc.com.ar\/index.php\/wp-json\/wp\/v2\/comments?post=75308"}],"version-history":[{"count":0,"href":"https:\/\/ic.tecnopc.com.ar\/index.php\/wp-json\/wp\/v2\/posts\/75308\/revisions"}],"wp:attachment":[{"href":"https:\/\/ic.tecnopc.com.ar\/index.php\/wp-json\/wp\/v2\/media?parent=75308"}],"wp:term":[{"taxonomy":"category","embeddable":true,"href":"https:\/\/ic.tecnopc.com.ar\/index.php\/wp-json\/wp\/v2\/categories?post=75308"},{"taxonomy":"post_tag","embeddable":true,"href":"https:\/\/ic.tecnopc.com.ar\/index.php\/wp-json\/wp\/v2\/tags?post=75308"}],"curies":[{"name":"wp","href":"https:\/\/api.w.org\/{rel}","templated":true}]}}