{"id":75326,"date":"2020-08-20T09:54:25","date_gmt":"2020-08-20T12:54:25","guid":{"rendered":"https:\/\/iulianocooreman.com.ar\/es\/?p=75326"},"modified":"2020-08-20T09:54:25","modified_gmt":"2020-08-20T12:54:25","slug":"feria-fiscal-hasta-el-30-de-agosto","status":"publish","type":"post","link":"https:\/\/ic.tecnopc.com.ar\/index.php\/2020\/08\/20\/feria-fiscal-hasta-el-30-de-agosto\/","title":{"rendered":"FERIA FISCAL HASTA EL 30 DE AGOSTO"},"content":{"rendered":"<p style=\"text-align: justify;\"><span style=\"font-weight: 400; font-family: verdana, geneva, sans-serif; color: #3366ff;\">La AFIP prorrog\u00f3 la feria fiscal hasta el 30 de agosto &#8211; inclusive \u2013 de manera que se extender\u00e1n hasta esa fecha los tiempos procedimentales impositivos, aduaneros y de seguridad social.<\/span><!--more--><\/p>\n<p style=\"text-align: justify;\"><span style=\"font-weight: 400; font-family: verdana, geneva, sans-serif;\">El organismo inform\u00f3 que mantendr\u00e1 la suspensi\u00f3n del c\u00f3mputo de los plazos que rigen para los contribuyentes, en distintos procedimientos administrativos como sumarios, multas, descargos, clausuras, intimaciones de pago, requerimientos de fiscalizaci\u00f3n y determinaciones de oficio, entre otras.<\/span><\/p>\n<p style=\"text-align: justify;\"><span style=\"font-weight: 400; font-family: verdana, geneva, sans-serif;\">No incluye pr\u00f3rroga alguna en los vencimientos de impuestos y declaraciones juradas.<\/span><\/p>\n<p style=\"text-align: justify;\"><span style=\"font-weight: 400; font-family: verdana, geneva, sans-serif;\">Aclar\u00f3 la Directora del Ente que la resoluci\u00f3n, que ser\u00e1 publicada en el Bolet\u00edn Oficial, mantiene habilitados los procedimientos de fiscalizaci\u00f3n que realiza la AFIP en funci\u00f3n de la informaci\u00f3n proporcionada por la OCDE sobre cuentas de argentinos en el exterior.<\/span><\/p>\n","protected":false},"excerpt":{"rendered":"<p>La AFIP prorrog\u00f3 la feria fiscal hasta el 30 de agosto &#8211; inclusive \u2013 de manera que se extender\u00e1n hasta esa fecha los tiempos procedimentales impositivos, aduaneros y de seguridad social.<\/p>\n","protected":false},"author":1,"featured_media":0,"comment_status":"closed","ping_status":"open","sticky":false,"template":"","format":"standard","meta":{"footnotes":""},"categories":[3],"tags":[],"class_list":["post-75326","post","type-post","status-publish","format-standard","hentry","category-ultimas-noticias"],"_links":{"self":[{"href":"https:\/\/ic.tecnopc.com.ar\/index.php\/wp-json\/wp\/v2\/posts\/75326","targetHints":{"allow":["GET"]}}],"collection":[{"href":"https:\/\/ic.tecnopc.com.ar\/index.php\/wp-json\/wp\/v2\/posts"}],"about":[{"href":"https:\/\/ic.tecnopc.com.ar\/index.php\/wp-json\/wp\/v2\/types\/post"}],"author":[{"embeddable":true,"href":"https:\/\/ic.tecnopc.com.ar\/index.php\/wp-json\/wp\/v2\/users\/1"}],"replies":[{"embeddable":true,"href":"https:\/\/ic.tecnopc.com.ar\/index.php\/wp-json\/wp\/v2\/comments?post=75326"}],"version-history":[{"count":0,"href":"https:\/\/ic.tecnopc.com.ar\/index.php\/wp-json\/wp\/v2\/posts\/75326\/revisions"}],"wp:attachment":[{"href":"https:\/\/ic.tecnopc.com.ar\/index.php\/wp-json\/wp\/v2\/media?parent=75326"}],"wp:term":[{"taxonomy":"category","embeddable":true,"href":"https:\/\/ic.tecnopc.com.ar\/index.php\/wp-json\/wp\/v2\/categories?post=75326"},{"taxonomy":"post_tag","embeddable":true,"href":"https:\/\/ic.tecnopc.com.ar\/index.php\/wp-json\/wp\/v2\/tags?post=75326"}],"curies":[{"name":"wp","href":"https:\/\/api.w.org\/{rel}","templated":true}]}}