{"id":75331,"date":"2020-08-31T11:23:52","date_gmt":"2020-08-31T14:23:52","guid":{"rendered":"https:\/\/iulianocooreman.com.ar\/es\/?p=75331"},"modified":"2020-08-31T11:23:52","modified_gmt":"2020-08-31T14:23:52","slug":"caba-nuevas-medidas-para-gastronomia-y-construccion","status":"publish","type":"post","link":"https:\/\/ic.tecnopc.com.ar\/index.php\/2020\/08\/31\/caba-nuevas-medidas-para-gastronomia-y-construccion\/","title":{"rendered":"CABA: NUEVAS MEDIDAS PARA GASTRONOM\u00cdA Y CONSTRUCCI\u00d3N"},"content":{"rendered":"<p style=\"text-align: justify;\"><span style=\"font-weight: 400; font-family: verdana, geneva, sans-serif; color: #3366ff;\">El Jefe de Gobierno, anunci\u00f3 que a partir del lunes 31 de agosto se comenzar\u00e1n a liberar las actividades gastron\u00f3micas y se comenzar\u00e1n las gestiones para establecer protocolos con la UOCRA.<\/span><!--more--><\/p>\n<ul style=\"text-align: justify;\">\n<li style=\"font-weight: 400;\"><span style=\"font-weight: 400; font-family: verdana, geneva, sans-serif;\">Gastronom\u00eda<\/span><\/li>\n<\/ul>\n<p style=\"text-align: justify;\"><span style=\"font-family: verdana, geneva, sans-serif;\"><span style=\"font-weight: 400;\">A partir <\/span><span style=\"text-decoration: underline;\"><span style=\"font-weight: 400;\">del lunes, los locales gastron\u00f3micos podr\u00e1n habilitar sus mesas al aire libre<\/span><span style=\"font-weight: 400;\">.<\/span><\/span><\/span><\/p>\n<p style=\"text-align: justify;\"><span style=\"font-family: verdana, geneva, sans-serif;\"><span style=\"font-weight: 400;\">Adem\u00e1s, esta semana la Legislatura aprob\u00f3 una ley que <\/span><span style=\"text-decoration: underline;\"><span style=\"font-weight: 400;\">exime del pago de ingresos brutos por seis meses<\/span><\/span><span style=\"font-weight: 400;\">, a los locales gastron\u00f3micos.\u00a0<\/span><\/span><\/p>\n<p style=\"text-align: justify;\"><span style=\"font-weight: 400; font-family: verdana, geneva, sans-serif;\">Cada bar o restaurante deber\u00e1 presentar un protocolo que muestre c\u00f3mo estar\u00e1n distribuidas las mesas para que sea aprobado por el gobierno de la Ciudad.<\/span><\/p>\n<p style=\"text-align: justify;\"><span style=\"font-weight: 400; font-family: verdana, geneva, sans-serif;\">El jefe de Gobierno tambi\u00e9n adelant\u00f3 que se habilitar\u00e1 m\u00e1s espacio p\u00fablico, donde sea posible, para garantizar el distanciamiento.\u00a0<\/span><\/p>\n<ul style=\"text-align: justify;\">\n<li style=\"font-weight: 400;\"><span style=\"font-weight: 400; font-family: verdana, geneva, sans-serif;\">Construcci\u00f3n<\/span><\/li>\n<\/ul>\n<p style=\"text-align: justify;\"><span style=\"font-weight: 400; font-family: verdana, geneva, sans-serif;\">El Jefe porte\u00f1o, se reunir\u00e1 la semana que viene con la UOCRA para definir el protocolo que permita la vuelta de las construcciones.<\/span><\/p>\n<p style=\"text-align: justify;\"><span style=\"font-family: verdana, geneva, sans-serif;\"><span style=\"font-weight: 400;\">Seg\u00fan dijo, <\/span><span style=\"text-decoration: underline;\"><span style=\"font-weight: 400;\">comenzar\u00e1n por las obras m\u00e1s grandes<\/span><\/span><span style=\"font-weight: 400;\"> (superiores a 5.000 metros cuadrados) y por aquellas que <\/span><span style=\"text-decoration: underline;\"><span style=\"font-weight: 400;\">est\u00e9n a punto de ser terminadas<\/span><\/span><span style=\"font-weight: 400;\"> (en 90 d\u00edas o menos).<\/span><\/span><\/p>\n<p style=\"text-align: justify;\"><span style=\"font-family: verdana, geneva, sans-serif;\"><span style=\"font-weight: 400;\">Aclar\u00f3, de todos modos, que las empresas deber\u00e1n garantizar el transporte de sus empleados, los cuales <\/span><span style=\"text-decoration: underline;\"><span style=\"font-weight: 400;\">no podr\u00e1n usar transporte p\u00fablico<\/span><span style=\"font-weight: 400;\">.<\/span><\/span><\/span><\/p>\n<ul style=\"text-align: justify;\">\n<li style=\"font-weight: 400;\"><span style=\"font-weight: 400; font-family: verdana, geneva, sans-serif;\">Otras Actividades<\/span><\/li>\n<\/ul>\n<p style=\"text-align: justify;\"><span style=\"font-weight: 400; font-family: verdana, geneva, sans-serif;\">En lo religioso, anunciaron que el acompa\u00f1amiento espiritual representa un alivio para much\u00edsimas personas de fe.<\/span><\/p>\n<p style=\"text-align: justify;\"><span style=\"font-weight: 400; font-family: verdana, geneva, sans-serif;\">En ese sentido, Larreta adelant\u00f3 que presentar\u00e1n al gobierno nacional un protocolo para permitir algunas celebraciones religiosas con capacidad limitada, para lo cual est\u00e1n trabajando con referentes de los diferentes cultos.<\/span><\/p>\n<p style=\"text-align: justify;\"><span style=\"font-weight: 400; font-family: verdana, geneva, sans-serif;\">Con respecto a la Educaci\u00f3n, ante el rechazo del Gobierno Nacional del protocolo de vuelta a clases presentado por el gobierno porte\u00f1o, para que unos 6.000 chicos sin contacto con sus docentes desde marzo puedan asistir a la conexi\u00f3n digital en sus colegios, Larreta pidi\u00f3 &#8220;encontrar un punto de acuerdo&#8221;.<\/span><\/p>\n<p style=\"text-align: justify;\"><span style=\"font-weight: 400; font-family: verdana, geneva, sans-serif;\">En otros \u00e1mbitos, la Legislatura aprob\u00f3 esta semana una ley para permitir a los familiares de pacientes con coronavirus en estado terminal darles un \u00faltimo adi\u00f3s, para &#8220;despedirlos de manera cuidada y segura&#8221;.<\/span><\/p>\n<p style=\"text-align: justify;\"><span style=\"font-weight: 400; font-family: verdana, geneva, sans-serif;\">Y record\u00f3 que desde el lunes de esta semana se permitieron las visitas a los cementerios de la Ciudad, con un m\u00e1ximo de dos personas por grupo.<\/span><\/p>\n","protected":false},"excerpt":{"rendered":"<p>El Jefe de Gobierno, anunci\u00f3 que a partir del lunes 31 de agosto se comenzar\u00e1n a liberar las actividades gastron\u00f3micas y se comenzar\u00e1n las gestiones para establecer protocolos con la UOCRA.<\/p>\n","protected":false},"author":1,"featured_media":0,"comment_status":"closed","ping_status":"open","sticky":false,"template":"","format":"standard","meta":{"footnotes":""},"categories":[3],"tags":[],"class_list":["post-75331","post","type-post","status-publish","format-standard","hentry","category-ultimas-noticias"],"_links":{"self":[{"href":"https:\/\/ic.tecnopc.com.ar\/index.php\/wp-json\/wp\/v2\/posts\/75331","targetHints":{"allow":["GET"]}}],"collection":[{"href":"https:\/\/ic.tecnopc.com.ar\/index.php\/wp-json\/wp\/v2\/posts"}],"about":[{"href":"https:\/\/ic.tecnopc.com.ar\/index.php\/wp-json\/wp\/v2\/types\/post"}],"author":[{"embeddable":true,"href":"https:\/\/ic.tecnopc.com.ar\/index.php\/wp-json\/wp\/v2\/users\/1"}],"replies":[{"embeddable":true,"href":"https:\/\/ic.tecnopc.com.ar\/index.php\/wp-json\/wp\/v2\/comments?post=75331"}],"version-history":[{"count":0,"href":"https:\/\/ic.tecnopc.com.ar\/index.php\/wp-json\/wp\/v2\/posts\/75331\/revisions"}],"wp:attachment":[{"href":"https:\/\/ic.tecnopc.com.ar\/index.php\/wp-json\/wp\/v2\/media?parent=75331"}],"wp:term":[{"taxonomy":"category","embeddable":true,"href":"https:\/\/ic.tecnopc.com.ar\/index.php\/wp-json\/wp\/v2\/categories?post=75331"},{"taxonomy":"post_tag","embeddable":true,"href":"https:\/\/ic.tecnopc.com.ar\/index.php\/wp-json\/wp\/v2\/tags?post=75331"}],"curies":[{"name":"wp","href":"https:\/\/api.w.org\/{rel}","templated":true}]}}