{"id":75349,"date":"2020-09-17T18:34:10","date_gmt":"2020-09-17T21:34:10","guid":{"rendered":"https:\/\/iulianocooreman.com.ar\/es\/?p=75349"},"modified":"2020-09-17T18:34:10","modified_gmt":"2020-09-17T21:34:10","slug":"afip-implemento-la-nueva-moratoria","status":"publish","type":"post","link":"https:\/\/ic.tecnopc.com.ar\/index.php\/2020\/09\/17\/afip-implemento-la-nueva-moratoria\/","title":{"rendered":"AFIP IMPLEMENT\u00d3 LA NUEVA MORATORIA"},"content":{"rendered":"<p style=\"text-align: justify;\"><span style=\"font-weight: 400; font-family: verdana, geneva, sans-serif; color: #3366ff;\">A trav\u00e9s de la Resoluci\u00f3n General N\u00b04816, que pone en marcha la Ley 27.562 aprobada por el Congreso de la Naci\u00f3n, que extendi\u00f3 el alcance de la Moratoria 2020 para incluir a aquellas personas humanas y personas jur\u00eddicas que originalmente no hab\u00edan sido contempladas a finales del a\u00f1o pasado.<\/span><!--more--><\/p>\n<p style=\"text-align: justify;\"><span style=\"font-weight: 400; font-family: verdana, geneva, sans-serif;\">La ampliaci\u00f3n de la moratoria extiende el universo de contribuyentes beneficiados y permite regularizar deudas generadas durante la pandemia del Covid-19, vencidas hasta el 31 de julio.\u00a0<\/span><\/p>\n<p style=\"text-align: justify;\"><span style=\"font-weight: 400; font-family: verdana, geneva, sans-serif;\">Principales disposiciones:<\/span><\/p>\n<ul>\n<li style=\"font-weight: 400; text-align: justify;\"><span style=\"font-family: verdana, geneva, sans-serif;\"><span style=\"font-weight: 400;\">Plazo de <\/span><span style=\"font-weight: 400;\">acogimiento: 31 de octubre 2020<\/span><span style=\"font-weight: 400;\"> y es improrrogable.<\/span><\/span><\/li>\n<li style=\"font-weight: 400; text-align: justify;\"><span style=\"font-family: verdana, geneva, sans-serif;\"><span style=\"font-weight: 400;\">Deudas previsionales, impositivas y aduaneras <\/span><span style=\"font-weight: 400;\">vencidas hasta el 31 de julio de 2020<\/span><span style=\"font-weight: 400;\">.<\/span><\/span><\/li>\n<li style=\"font-weight: 400; text-align: justify;\"><span style=\"font-family: verdana, geneva, sans-serif;\"><span style=\"font-weight: 400;\">Primera cuota<\/span><span style=\"font-weight: 400;\"> se posterg\u00f3 al <\/span><span style=\"font-weight: 400;\">16 de diciembre<\/span><span style=\"font-weight: 400;\">.<\/span><\/span><\/li>\n<li style=\"font-weight: 400; text-align: justify;\"><span style=\"font-family: verdana, geneva, sans-serif;\"><span style=\"font-weight: 400;\">Condonaci\u00f3n<\/span><span style=\"font-weight: 400;\"> parcial de <\/span><span style=\"font-weight: 400;\">intereses <\/span><span style=\"font-weight: 400;\">y total de <\/span><span style=\"font-weight: 400;\">multas<\/span><span style=\"font-weight: 400;\">.<\/span><\/span><\/li>\n<li style=\"font-weight: 400; text-align: justify;\"><span style=\"font-family: verdana, geneva, sans-serif;\"><span style=\"font-weight: 400;\">Condonaci\u00f3n penal <\/span><span style=\"font-weight: 400;\">con el cumplimiento total.<\/span><\/span><\/li>\n<li style=\"font-weight: 400; text-align: justify;\"><span style=\"font-family: verdana, geneva, sans-serif;\"><span style=\"font-weight: 400;\">Plazos: <\/span><span style=\"font-weight: 400;\">120 cuotas<\/span><span style=\"font-weight: 400;\"> para las obligaciones tributarias y aduaneras y hasta <\/span><span style=\"font-weight: 400;\">60 cuotas<\/span><span style=\"font-weight: 400;\"> para las obligaciones correspondientes a los recursos de la seguridad social\u00a0<\/span><\/span><\/li>\n<li style=\"font-weight: 400; text-align: justify;\"><span style=\"font-family: verdana, geneva, sans-serif;\"><span style=\"font-weight: 400;\">Se ampl\u00eda el acceso de contribuyentes, pero con reducci\u00f3n del n\u00famero de cuotas <\/span><span style=\"font-weight: 400;\">96 y 48 <\/span><span style=\"font-weight: 400;\">respectivamente.<\/span><\/span><\/li>\n<li style=\"font-weight: 400; text-align: justify;\"><span style=\"font-family: verdana, geneva, sans-serif;\"><span style=\"font-weight: 400;\">Establece la <\/span><span style=\"font-weight: 400;\">obligaci\u00f3n de repatriaci\u00f3n del 30%<\/span><span style=\"font-weight: 400;\"> para quienes posean <\/span><span style=\"font-weight: 400;\">activos financieros<\/span><span style=\"font-weight: 400;\"> situados <\/span><span style=\"font-weight: 400;\">en el exterior<\/span><span style=\"font-weight: 400;\">, en un plazo de 60 d\u00edas desde que se formaliza la adhesi\u00f3n y permanencia del dep\u00f3sito por 24 meses. Hay alternativas de inversi\u00f3n de esos fondos.<\/span><\/span><\/li>\n<li style=\"font-weight: 400; text-align: justify;\"><span style=\"font-weight: 400; font-family: verdana, geneva, sans-serif;\">Tratamiento especial para Mipymes, entidades sin fines de lucro y peque\u00f1os contribuyentes.<\/span><\/li>\n<li style=\"font-weight: 400; text-align: justify;\"><span style=\"font-weight: 400; font-family: verdana, geneva, sans-serif;\">Tasa de inter\u00e9s fija del 2% mensual hasta mayo de 2021. A partir del mes siguiente se aplicar\u00e1 una tasa variable en pesos.\u00a0<\/span><\/li>\n<li style=\"font-weight: 400; text-align: justify;\"><span style=\"font-weight: 400; font-family: verdana, geneva, sans-serif;\">Las empresas de mayor tama\u00f1o, durante 24 meses no podr\u00e1n distribuir dividendos, no podr\u00e1n operar con t\u00edtulos en el mercado cambiario, ni acceder al MULC para realizar pagos a entidades vinculadas.<\/span><\/li>\n<li style=\"font-weight: 400; text-align: justify;\"><span style=\"font-weight: 400; font-family: verdana, geneva, sans-serif;\">Caducidad: cuando se incumplan 3 cuotas para grandes empresas o 6 cuotas para Mipymes.\u00a0<\/span><\/li>\n<li style=\"font-weight: 400; text-align: justify;\"><span style=\"font-weight: 400; font-family: verdana, geneva, sans-serif;\">Beneficios para los contribuyentes cumplidores.<\/span><\/li>\n<\/ul>\n","protected":false},"excerpt":{"rendered":"<p>A trav\u00e9s de la Resoluci\u00f3n General N\u00b04816, que pone en marcha la Ley 27.562 aprobada por el Congreso de la Naci\u00f3n, que extendi\u00f3 el alcance de la Moratoria 2020 para incluir a aquellas personas humanas y personas jur\u00eddicas que originalmente no hab\u00edan sido contempladas a finales del a\u00f1o pasado.<\/p>\n","protected":false},"author":1,"featured_media":0,"comment_status":"closed","ping_status":"open","sticky":false,"template":"","format":"standard","meta":{"footnotes":""},"categories":[3],"tags":[],"class_list":["post-75349","post","type-post","status-publish","format-standard","hentry","category-ultimas-noticias"],"_links":{"self":[{"href":"https:\/\/ic.tecnopc.com.ar\/index.php\/wp-json\/wp\/v2\/posts\/75349","targetHints":{"allow":["GET"]}}],"collection":[{"href":"https:\/\/ic.tecnopc.com.ar\/index.php\/wp-json\/wp\/v2\/posts"}],"about":[{"href":"https:\/\/ic.tecnopc.com.ar\/index.php\/wp-json\/wp\/v2\/types\/post"}],"author":[{"embeddable":true,"href":"https:\/\/ic.tecnopc.com.ar\/index.php\/wp-json\/wp\/v2\/users\/1"}],"replies":[{"embeddable":true,"href":"https:\/\/ic.tecnopc.com.ar\/index.php\/wp-json\/wp\/v2\/comments?post=75349"}],"version-history":[{"count":0,"href":"https:\/\/ic.tecnopc.com.ar\/index.php\/wp-json\/wp\/v2\/posts\/75349\/revisions"}],"wp:attachment":[{"href":"https:\/\/ic.tecnopc.com.ar\/index.php\/wp-json\/wp\/v2\/media?parent=75349"}],"wp:term":[{"taxonomy":"category","embeddable":true,"href":"https:\/\/ic.tecnopc.com.ar\/index.php\/wp-json\/wp\/v2\/categories?post=75349"},{"taxonomy":"post_tag","embeddable":true,"href":"https:\/\/ic.tecnopc.com.ar\/index.php\/wp-json\/wp\/v2\/tags?post=75349"}],"curies":[{"name":"wp","href":"https:\/\/api.w.org\/{rel}","templated":true}]}}