{"id":75352,"date":"2020-09-21T09:40:15","date_gmt":"2020-09-21T12:40:15","guid":{"rendered":"https:\/\/iulianocooreman.com.ar\/es\/?p=75352"},"modified":"2020-09-21T09:40:15","modified_gmt":"2020-09-21T12:40:15","slug":"como-convertir-los-creditos-del-atp-de-agosto-en-subsidios","status":"publish","type":"post","link":"https:\/\/ic.tecnopc.com.ar\/index.php\/2020\/09\/21\/como-convertir-los-creditos-del-atp-de-agosto-en-subsidios\/","title":{"rendered":"C\u00d3MO CONVERTIR LOS CR\u00c9DITOS DEL ATP DE AGOSTO EN SUBSIDIOS?"},"content":{"rendered":"<p style=\"text-align: justify;\"><span style=\"font-weight: 400; font-family: verdana, geneva, sans-serif; color: #3366ff;\">Se reglament\u00f3 la posibilidad de que los cr\u00e9ditos a tasa subsidiada del ATP AGOSTO 2020 sean convertidos total o parcialmente en subsidios para las empresas, en la medida que se cumpla con las metas de mantenimiento o generaci\u00f3n de empleo.<\/span><!--more--><\/p>\n<p style=\"text-align: justify;\"><span style=\"font-family: verdana, geneva, sans-serif;\"><span style=\"font-weight: 400;\">C\u00f3mo comparar<\/span><span style=\"font-weight: 400;\"> las metas de empleo?\u00a0 Se toma el<\/span><span style=\"font-weight: 400;\"> Promedio <\/span><span style=\"font-weight: 400;\">de cantidad de empleados:<\/span><\/span><\/p>\n<p style=\"text-align: justify;\"><span style=\"font-weight: 400; font-family: verdana, geneva, sans-serif;\">1\u00b0 meta: 4to trimestre 2020 contra 4to trimestre 2019<\/span><\/p>\n<p style=\"text-align: justify;\"><span style=\"font-weight: 400; font-family: verdana, geneva, sans-serif;\">2\u00b0 meta: 1er trimestre 2021 contra 1er trimestre 2020<\/span><\/p>\n<p style=\"text-align: justify;\"><span style=\"font-weight: 400; font-family: verdana, geneva, sans-serif;\">3\u00b0 meta: 2do trimestre 2021 contra 2do trimestre 2020<\/span><\/p>\n<p style=\"text-align: justify;\"><span style=\"font-weight: 400; font-family: verdana, geneva, sans-serif;\">4\u00b0 meta: 3er trimestre 2021 contra 3er trimestre 2020<\/span><\/p>\n<p style=\"text-align: justify;\"><span style=\"font-weight: 400; font-family: verdana, geneva, sans-serif;\">Si la empresa cumple con las metas de empleo, el reintegro se efectivizar\u00e1 por medio de un Aporte No Reembolsable.<\/span><\/p>\n<p style=\"text-align: justify;\"><span style=\"font-family: verdana, geneva, sans-serif;\"><img loading=\"lazy\" decoding=\"async\" class=\"size-full wp-image-75353 aligncenter\" src=\"https:\/\/ic.tecnopc.com.ar\/wp-content\/uploads\/2020\/09\/imagen-albert.png\" alt=\"\" width=\"1083\" height=\"436\" srcset=\"https:\/\/ic.tecnopc.com.ar\/wp-content\/uploads\/2020\/09\/imagen-albert.png 1083w, https:\/\/ic.tecnopc.com.ar\/wp-content\/uploads\/2020\/09\/imagen-albert-300x121.png 300w, https:\/\/ic.tecnopc.com.ar\/wp-content\/uploads\/2020\/09\/imagen-albert-1024x412.png 1024w, https:\/\/ic.tecnopc.com.ar\/wp-content\/uploads\/2020\/09\/imagen-albert-768x309.png 768w\" sizes=\"auto, (max-width: 1083px) 100vw, 1083px\" \/><\/span><\/p>\n<p style=\"text-align: justify;\"><span style=\"font-family: verdana, geneva, sans-serif;\"><span style=\"font-weight: 400;\">Para las empresas de entre 40 y 199 empleados, se aclar\u00f3 que adem\u00e1s de los $40.000 por empleado, <\/span><span style=\"font-weight: 400;\">en cada trimestre se sumar\u00e1n $20.000<\/span><span style=\"font-weight: 400;\"> por haber mantenido la n\u00f3mina, con un <\/span><span style=\"font-weight: 400;\">tope de $380.000 por trimestre<\/span><span style=\"font-weight: 400;\">.<\/span><\/span><\/p>\n<p style=\"text-align: justify;\"><span style=\"font-family: verdana, geneva, sans-serif;\"><span style=\"font-weight: 400;\">Para las empresas entre 200 y 800 empleados: solo se realizar\u00e1 el reintegro en caso de incremento de n\u00f3mina y con un <\/span><span style=\"font-weight: 400;\">tope de reintegro total de $1.520.000<\/span><span style=\"font-weight: 400;\">.<\/span><\/span><\/p>\n<p style=\"text-align: justify;\"><span style=\"font-family: verdana, geneva, sans-serif;\"><span style=\"font-weight: 400;\">Esta evaluaci\u00f3n se realizar\u00e1 despu\u00e9s del pago de <\/span><span style=\"font-weight: 400;\">la \u00faltima cuota del cr\u00e9dito<\/span><span style=\"font-weight: 400;\">.\u00a0<\/span><\/span><\/p>\n<p style=\"text-align: justify;\"><span style=\"font-weight: 400; font-family: verdana, geneva, sans-serif;\">Recordamos que los requisitos son:<\/span><\/p>\n<ul style=\"text-align: justify;\">\n<li style=\"font-weight: 400;\"><span style=\"font-weight: 400; font-family: verdana, geneva, sans-serif;\">Tener presentados todos los F 931<\/span><\/li>\n<li style=\"font-weight: 400;\"><span style=\"font-weight: 400; font-family: verdana, geneva, sans-serif;\">No tener empleados suspendidos en el a\u00f1o 2021<\/span><\/li>\n<li style=\"font-weight: 400;\"><span style=\"font-family: verdana, geneva, sans-serif;\"><span style=\"font-weight: 400;\">Si tiene empleados suspendidos en el \u00faltimo trimestre de 2020<\/span><span style=\"font-weight: 400;\"> no podr\u00e1 recibir el reintegro de dicho trimestre pero <\/span><span style=\"font-weight: 400;\">no invalidan los reintegros restantes<\/span><span style=\"font-weight: 400;\">.<\/span><\/span><\/li>\n<li style=\"font-weight: 400;\"><span style=\"font-weight: 400; font-family: verdana, geneva, sans-serif;\">Tener cancelado el 100% del cr\u00e9dito<\/span><\/li>\n<li style=\"font-weight: 400;\"><span style=\"font-weight: 400; font-family: verdana, geneva, sans-serif;\">No haber incurrido en mora<\/span><\/li>\n<li style=\"font-weight: 400;\"><span style=\"font-weight: 400; font-family: verdana, geneva, sans-serif;\">No registrar incumplimientos vigentes con el FOGAR<\/span><\/li>\n<\/ul>\n<p style=\"text-align: justify;\">\n","protected":false},"excerpt":{"rendered":"<p>Se reglament\u00f3 la posibilidad de que los cr\u00e9ditos a tasa subsidiada del ATP AGOSTO 2020 sean convertidos total o parcialmente en subsidios para las empresas, en la medida que se cumpla con las metas de mantenimiento o generaci\u00f3n de empleo.<\/p>\n","protected":false},"author":1,"featured_media":0,"comment_status":"closed","ping_status":"open","sticky":false,"template":"","format":"standard","meta":{"footnotes":""},"categories":[3],"tags":[],"class_list":["post-75352","post","type-post","status-publish","format-standard","hentry","category-ultimas-noticias"],"_links":{"self":[{"href":"https:\/\/ic.tecnopc.com.ar\/index.php\/wp-json\/wp\/v2\/posts\/75352","targetHints":{"allow":["GET"]}}],"collection":[{"href":"https:\/\/ic.tecnopc.com.ar\/index.php\/wp-json\/wp\/v2\/posts"}],"about":[{"href":"https:\/\/ic.tecnopc.com.ar\/index.php\/wp-json\/wp\/v2\/types\/post"}],"author":[{"embeddable":true,"href":"https:\/\/ic.tecnopc.com.ar\/index.php\/wp-json\/wp\/v2\/users\/1"}],"replies":[{"embeddable":true,"href":"https:\/\/ic.tecnopc.com.ar\/index.php\/wp-json\/wp\/v2\/comments?post=75352"}],"version-history":[{"count":0,"href":"https:\/\/ic.tecnopc.com.ar\/index.php\/wp-json\/wp\/v2\/posts\/75352\/revisions"}],"wp:attachment":[{"href":"https:\/\/ic.tecnopc.com.ar\/index.php\/wp-json\/wp\/v2\/media?parent=75352"}],"wp:term":[{"taxonomy":"category","embeddable":true,"href":"https:\/\/ic.tecnopc.com.ar\/index.php\/wp-json\/wp\/v2\/categories?post=75352"},{"taxonomy":"post_tag","embeddable":true,"href":"https:\/\/ic.tecnopc.com.ar\/index.php\/wp-json\/wp\/v2\/tags?post=75352"}],"curies":[{"name":"wp","href":"https:\/\/api.w.org\/{rel}","templated":true}]}}