{"id":75360,"date":"2020-09-25T11:27:24","date_gmt":"2020-09-25T14:27:24","guid":{"rendered":"https:\/\/iulianocooreman.com.ar\/es\/?p=75360"},"modified":"2020-09-25T11:27:24","modified_gmt":"2020-09-25T14:27:24","slug":"sigue-la-prohibicion-de-despidos-y-suspensiones","status":"publish","type":"post","link":"https:\/\/ic.tecnopc.com.ar\/index.php\/2020\/09\/25\/sigue-la-prohibicion-de-despidos-y-suspensiones\/","title":{"rendered":"SIGUE LA PROHIBICI\u00d3N DE DESPIDOS Y SUSPENSIONES"},"content":{"rendered":"<p style=\"text-align: justify;\"><span style=\"font-weight: 400; font-family: verdana, geneva, sans-serif; color: #3366ff;\">El Decreto 761\/2020 prorroga por 60 d\u00edas la prohibici\u00f3n de suspender o despedir personal sin causa o por fuerza mayor.<\/span><!--more--><\/p>\n<p style=\"text-align: justify;\"><span style=\"font-weight: 400; font-family: verdana, geneva, sans-serif;\">La medida proh\u00edbe efectuar despidos por 60 d\u00edas, fin de noviembre de 2020, sin justa causa y por las causales de falta o disminuci\u00f3n de trabajo y fuerza mayor.\u00a0<\/span><\/p>\n<p style=\"text-align: justify;\"><span style=\"font-weight: 400; font-family: verdana, geneva, sans-serif;\">Tambi\u00e9n est\u00e1n prohibidas las suspensiones por las causales de fuerza mayor o falta o disminuci\u00f3n de trabajo (exceptuadas las suspensiones del art. 223 bis de la Ley de Contrato de Trabajo, acordadas en el marco de lo convenido por la CGT y el Ministerio de Trabajo).<\/span><\/p>\n<p style=\"text-align: justify;\"><span style=\"font-weight: 400; font-family: verdana, geneva, sans-serif;\">Quedan excluidas las contrataciones celebradas con posterioridad a su entrada en vigencia.<\/span><\/p>\n<p style=\"text-align: justify;\"><span style=\"font-weight: 400; font-family: verdana, geneva, sans-serif;\">Los despidos y las suspensiones que se dispongan en violaci\u00f3n a la norma y sus anteriores, no producir\u00e1n efecto alguno, manteni\u00e9ndose vigentes las relaciones laborales existentes y sus condiciones actuales.<\/span><\/p>\n","protected":false},"excerpt":{"rendered":"<p>El Decreto 761\/2020 prorroga por 60 d\u00edas la prohibici\u00f3n de suspender o despedir personal sin causa o por fuerza mayor.<\/p>\n","protected":false},"author":1,"featured_media":0,"comment_status":"closed","ping_status":"open","sticky":false,"template":"","format":"standard","meta":{"footnotes":""},"categories":[3],"tags":[],"class_list":["post-75360","post","type-post","status-publish","format-standard","hentry","category-ultimas-noticias"],"_links":{"self":[{"href":"https:\/\/ic.tecnopc.com.ar\/index.php\/wp-json\/wp\/v2\/posts\/75360","targetHints":{"allow":["GET"]}}],"collection":[{"href":"https:\/\/ic.tecnopc.com.ar\/index.php\/wp-json\/wp\/v2\/posts"}],"about":[{"href":"https:\/\/ic.tecnopc.com.ar\/index.php\/wp-json\/wp\/v2\/types\/post"}],"author":[{"embeddable":true,"href":"https:\/\/ic.tecnopc.com.ar\/index.php\/wp-json\/wp\/v2\/users\/1"}],"replies":[{"embeddable":true,"href":"https:\/\/ic.tecnopc.com.ar\/index.php\/wp-json\/wp\/v2\/comments?post=75360"}],"version-history":[{"count":0,"href":"https:\/\/ic.tecnopc.com.ar\/index.php\/wp-json\/wp\/v2\/posts\/75360\/revisions"}],"wp:attachment":[{"href":"https:\/\/ic.tecnopc.com.ar\/index.php\/wp-json\/wp\/v2\/media?parent=75360"}],"wp:term":[{"taxonomy":"category","embeddable":true,"href":"https:\/\/ic.tecnopc.com.ar\/index.php\/wp-json\/wp\/v2\/categories?post=75360"},{"taxonomy":"post_tag","embeddable":true,"href":"https:\/\/ic.tecnopc.com.ar\/index.php\/wp-json\/wp\/v2\/tags?post=75360"}],"curies":[{"name":"wp","href":"https:\/\/api.w.org\/{rel}","templated":true}]}}