{"id":75376,"date":"2020-10-15T10:24:40","date_gmt":"2020-10-15T13:24:40","guid":{"rendered":"https:\/\/iulianocooreman.com.ar\/es\/?p=75376"},"modified":"2020-10-15T10:24:40","modified_gmt":"2020-10-15T13:24:40","slug":"afip-prorrogan-feria-fiscal","status":"publish","type":"post","link":"https:\/\/ic.tecnopc.com.ar\/index.php\/2020\/10\/15\/afip-prorrogan-feria-fiscal\/","title":{"rendered":"AFIP: PRORROGAN FERIA FISCAL"},"content":{"rendered":"<p style=\"text-align: justify;\"><span style=\"font-weight: 400; font-family: verdana, geneva, sans-serif; color: #3366ff;\">La Administraci\u00f3n Federal de Ingresos P\u00fablicos (AFIP) prorrog\u00f3 hasta el pr\u00f3ximo 25 de octubre la feria fiscal, suspendiendo el c\u00f3mputo de los plazos vigentes para los contribuyentes en distintos procedimientos administrativos.\u00a0<\/span><!--more--><\/p>\n<p style=\"text-align: justify;\"><span style=\"font-weight: 400; font-family: verdana, geneva, sans-serif;\">Los plazos que se suspenden, hasta el pr\u00f3ximo 25, son para las determinaciones de oficio, sumarios, multas, descargos, clausuras e intimaciones de pago, entre otros procedimientos. l<\/span><\/p>\n<p style=\"text-align: justify;\"><span style=\"font-weight: 400; font-family: verdana, geneva, sans-serif;\">La normativa except\u00faa de la feria fiscal a los procedimientos que realiza el organismo recaudador por precios de transferencia, as\u00ed como aquellas fiscalizaciones realizadas en funci\u00f3n de la informaci\u00f3n proporcionada por la Organizaci\u00f3n para la Cooperaci\u00f3n y el Desarrollo Econ\u00f3micos (OCDE) sobre cuentas de argentinos en el exterior.<\/span><\/p>\n<p style=\"text-align: justify;\"><span style=\"font-weight: 400; font-family: verdana, geneva, sans-serif;\">Asimismo except\u00faa a las fiscalizaciones electr\u00f3nicas, es decir a aquellos controles y verificaciones no presenciales que se tramitan online.<\/span><\/p>\n<p style=\"text-align: justify;\"><span style=\"font-weight: 400; font-family: verdana, geneva, sans-serif;\">La medida no suspender\u00e1 ni los vencimientos ni las acciones de la AFIP, aunque durante su vigencia quedar\u00e1n en suspenso el c\u00f3mputo de los plazos que rigen para la respuesta de los contribuyentes a los requerimientos del organismo, indic\u00f3 el comunicado.<\/span><\/p>\n","protected":false},"excerpt":{"rendered":"<p>La Administraci\u00f3n Federal de Ingresos P\u00fablicos (AFIP) prorrog\u00f3 hasta el pr\u00f3ximo 25 de octubre la feria fiscal, suspendiendo el c\u00f3mputo de los plazos vigentes para los contribuyentes en distintos procedimientos administrativos.\u00a0<\/p>\n","protected":false},"author":1,"featured_media":0,"comment_status":"closed","ping_status":"open","sticky":false,"template":"","format":"standard","meta":{"footnotes":""},"categories":[3],"tags":[],"class_list":["post-75376","post","type-post","status-publish","format-standard","hentry","category-ultimas-noticias"],"_links":{"self":[{"href":"https:\/\/ic.tecnopc.com.ar\/index.php\/wp-json\/wp\/v2\/posts\/75376","targetHints":{"allow":["GET"]}}],"collection":[{"href":"https:\/\/ic.tecnopc.com.ar\/index.php\/wp-json\/wp\/v2\/posts"}],"about":[{"href":"https:\/\/ic.tecnopc.com.ar\/index.php\/wp-json\/wp\/v2\/types\/post"}],"author":[{"embeddable":true,"href":"https:\/\/ic.tecnopc.com.ar\/index.php\/wp-json\/wp\/v2\/users\/1"}],"replies":[{"embeddable":true,"href":"https:\/\/ic.tecnopc.com.ar\/index.php\/wp-json\/wp\/v2\/comments?post=75376"}],"version-history":[{"count":0,"href":"https:\/\/ic.tecnopc.com.ar\/index.php\/wp-json\/wp\/v2\/posts\/75376\/revisions"}],"wp:attachment":[{"href":"https:\/\/ic.tecnopc.com.ar\/index.php\/wp-json\/wp\/v2\/media?parent=75376"}],"wp:term":[{"taxonomy":"category","embeddable":true,"href":"https:\/\/ic.tecnopc.com.ar\/index.php\/wp-json\/wp\/v2\/categories?post=75376"},{"taxonomy":"post_tag","embeddable":true,"href":"https:\/\/ic.tecnopc.com.ar\/index.php\/wp-json\/wp\/v2\/tags?post=75376"}],"curies":[{"name":"wp","href":"https:\/\/api.w.org\/{rel}","templated":true}]}}