{"id":75413,"date":"2020-11-26T12:26:20","date_gmt":"2020-11-26T15:26:20","guid":{"rendered":"https:\/\/iulianocooreman.com.ar\/es\/?p=75413"},"modified":"2020-11-26T12:26:20","modified_gmt":"2020-11-26T15:26:20","slug":"vence-el-atp-de-noviembre-y-el-programa-repro-ii","status":"publish","type":"post","link":"https:\/\/ic.tecnopc.com.ar\/index.php\/2020\/11\/26\/vence-el-atp-de-noviembre-y-el-programa-repro-ii\/","title":{"rendered":"VENCE EL ATP DE NOVIEMBRE Y EL PROGRAMA REPRO II"},"content":{"rendered":"<p style=\"text-align: justify;\"><span style=\"font-weight: 400; font-family: verdana, geneva, sans-serif; color: #3366ff;\">Hoy vence el plazo para acceder a los beneficios del programa ATP noviembre, Salario Complementario, Postergaci\u00f3n y reducci\u00f3n del SIPA, Cr\u00e9ditos a tasa cero 0% y el nuevo programa REPRO II.<\/span><!--more--><\/p>\n<p style=\"text-align: justify;\"><span style=\"font-weight: 400; font-family: verdana, geneva, sans-serif;\">Se deben comparar las ventas de Octubre 2020 con Octubre 2019 o diciembre 2019, dependiendo del tiempo de actividad de la empresa.<\/span><\/p>\n<p style=\"text-align: justify;\"><span style=\"font-family: verdana, geneva, sans-serif;\"><span style=\"font-weight: 400;\">Empresas con <\/span><span style=\"text-decoration: underline;\"><span style=\"font-weight: 400;\">actividades afectadas en forma cr\u00edtica<\/span><\/span><span style=\"font-weight: 400;\">:<\/span><\/span><\/p>\n<p style=\"text-align: justify;\"><span style=\"font-weight: 400; font-family: verdana, geneva, sans-serif;\">Beneficios:<\/span><\/p>\n<ul style=\"text-align: justify;\">\n<li style=\"font-weight: 400;\"><span style=\"font-family: verdana, geneva, sans-serif;\"><i><span style=\"font-weight: 400;\">Salario Complementario: M\u00ednimo un Salario M\u00ednimo, M\u00e1ximo un Salario y Medio<\/span><\/i><\/span><\/li>\n<\/ul>\n<ul style=\"text-align: justify;\">\n<li style=\"font-weight: 400;\"><span style=\"font-family: verdana, geneva, sans-serif;\"><i><span style=\"font-weight: 400;\">Postergaci\u00f3n del SIPA: Para empresas con actividades afectadas en forma cr\u00edtica\u00a0<\/span><\/i><\/span><\/li>\n<\/ul>\n<ul style=\"text-align: justify;\">\n<li style=\"font-weight: 400;\"><span style=\"font-family: verdana, geneva, sans-serif;\"><i><span style=\"font-weight: 400;\">Reducci\u00f3n de un 95% del pago del SIAP<\/span><\/i><\/span><\/li>\n<li style=\"font-weight: 400;\"><span style=\"font-family: verdana, geneva, sans-serif;\"><i><span style=\"font-weight: 400;\">Cr\u00e9dito a Tasa Subsidiada DEL 27%,\u00a0 para quienes tengan diferencia positiva de hasta 35% de ventas octubre 2020\/2019 y hasta 800 empleados<\/span><\/i><\/span><\/li>\n<\/ul>\n<p style=\"text-align: justify;\"><span style=\"font-family: verdana, geneva, sans-serif;\"><span style=\"font-weight: 400;\">Empresas que <\/span><span style=\"text-decoration: underline;\"><span style=\"font-weight: 400;\">no desarrollan actividad cr\u00edtica<\/span><\/span><span style=\"font-weight: 400;\">:<\/span><\/span><\/p>\n<p style=\"text-align: justify;\"><span style=\"font-weight: 400; font-family: verdana, geneva, sans-serif;\">Beneficios:<\/span><\/p>\n<ul style=\"text-align: justify;\">\n<li style=\"font-weight: 400;\"><span style=\"font-family: verdana, geneva, sans-serif;\"><i><span style=\"font-weight: 400;\">Salario Complementario: NO<\/span><\/i><\/span><\/li>\n<\/ul>\n<ul style=\"text-align: justify;\">\n<li style=\"font-weight: 400;\"><span style=\"font-family: verdana, geneva, sans-serif;\"><i><span style=\"font-weight: 400;\">Postergaci\u00f3n del SIPA: S\u00f3lo para empresas con menos ventas en Octubre 2020\/2019\u00a0<\/span><\/i><\/span><\/li>\n<\/ul>\n<ul style=\"text-align: justify;\">\n<li style=\"font-weight: 400;\"><span style=\"font-family: verdana, geneva, sans-serif;\"><i><span style=\"font-weight: 400;\">Reducci\u00f3n de un 95% del pago del SIAP S\u00f3lo para empresas con menos ventas en Octubre 2020\/2019<\/span><\/i><\/span><\/li>\n<\/ul>\n<ul style=\"text-align: justify;\">\n<li style=\"font-weight: 400;\"><span style=\"font-family: verdana, geneva, sans-serif;\"><i><span style=\"font-weight: 400;\">Cr\u00e9dito a Tasa Subsidiada del 27%, S\u00f3lo para empresas con menos ventas en Octubre 2020\/2019<\/span><\/i><\/span><\/li>\n<\/ul>\n<ul style=\"text-align: justify;\">\n<li style=\"font-weight: 400;\"><span style=\"font-family: verdana, geneva, sans-serif;\"><i><span style=\"font-weight: 400;\">Opcional REPRO II. Requisitos: Presentaci\u00f3n Ultimo Balance, Datos econ\u00f3micos adicionales todo con Certificaci\u00f3n de Contador P\u00fablico. Suma fija de $9.000 por empleado por 2 meses<\/span><\/i><\/span><\/li>\n<li style=\"font-weight: 400;\"><span style=\"font-family: verdana, geneva, sans-serif;\"><i><span style=\"font-weight: 400;\">Cr\u00e9dito a Tasa Subsidiada del 33% con diferencia positiva del 35% de ventas octubre 2020\/2019<\/span><\/i><\/span><\/li>\n<\/ul>\n<p style=\"text-align: justify;\"><span style=\"font-weight: 400; font-family: verdana, geneva, sans-serif;\">Los cr\u00e9ditos a Tasa Subsidiada tienen 3 meses de gracia, 12 cuotas y si crean empleo pueden convertirse en subsidio por reintegro total o parcial, de acuerdo a las pautas de los ATP anteriores.<\/span><\/p>\n<p style=\"text-align: justify;\"><span style=\"font-weight: 400; font-family: verdana, geneva, sans-serif;\">Exclusiones<\/span><\/p>\n<p style=\"text-align: justify;\"><span style=\"font-weight: 400; font-family: verdana, geneva, sans-serif;\">Ser\u00e1n excluidos del Programa, quienes apliquen:<\/span><\/p>\n<ol style=\"text-align: justify;\">\n<li><span style=\"font-weight: 400; font-family: verdana, geneva, sans-serif;\"> Desvinculaciones de personal por despido sin justa causa, falta o disminuci\u00f3n de trabajo o por fuerza mayor.<\/span><\/li>\n<li><span style=\"font-weight: 400; font-family: verdana, geneva, sans-serif;\"> Suspensiones por falta o disminuci\u00f3n de trabajo o por fuerza mayor, quedando exceptuadas aquellas suspensiones que se formalicen en los t\u00e9rminos del art\u00edculo 223 bis de la Ley de Contrato de Trabajo N\u00b020.744.<\/span><\/li>\n<\/ol>\n<p style=\"text-align: justify;\"><span style=\"font-weight: 400; font-family: verdana, geneva, sans-serif;\">No ser\u00e1n elegibles los sujetos que al 12 de marzo de 2020 presenten estado 3, 4, 5 o 6 conforme el Resultado de Situaci\u00f3n Crediticia publicado por el BCRA.<\/span><\/p>\n<p style=\"text-align: justify;\"><span style=\"font-weight: 400; font-family: verdana, geneva, sans-serif;\">\u00a0<\/span><\/p>\n","protected":false},"excerpt":{"rendered":"<p>Hoy vence el plazo para acceder a los beneficios del programa ATP noviembre, Salario Complementario, Postergaci\u00f3n y reducci\u00f3n del SIPA, Cr\u00e9ditos a tasa cero 0% y el nuevo programa REPRO II.<\/p>\n","protected":false},"author":1,"featured_media":0,"comment_status":"closed","ping_status":"open","sticky":false,"template":"","format":"standard","meta":{"footnotes":""},"categories":[3],"tags":[],"class_list":["post-75413","post","type-post","status-publish","format-standard","hentry","category-ultimas-noticias"],"_links":{"self":[{"href":"https:\/\/ic.tecnopc.com.ar\/index.php\/wp-json\/wp\/v2\/posts\/75413","targetHints":{"allow":["GET"]}}],"collection":[{"href":"https:\/\/ic.tecnopc.com.ar\/index.php\/wp-json\/wp\/v2\/posts"}],"about":[{"href":"https:\/\/ic.tecnopc.com.ar\/index.php\/wp-json\/wp\/v2\/types\/post"}],"author":[{"embeddable":true,"href":"https:\/\/ic.tecnopc.com.ar\/index.php\/wp-json\/wp\/v2\/users\/1"}],"replies":[{"embeddable":true,"href":"https:\/\/ic.tecnopc.com.ar\/index.php\/wp-json\/wp\/v2\/comments?post=75413"}],"version-history":[{"count":0,"href":"https:\/\/ic.tecnopc.com.ar\/index.php\/wp-json\/wp\/v2\/posts\/75413\/revisions"}],"wp:attachment":[{"href":"https:\/\/ic.tecnopc.com.ar\/index.php\/wp-json\/wp\/v2\/media?parent=75413"}],"wp:term":[{"taxonomy":"category","embeddable":true,"href":"https:\/\/ic.tecnopc.com.ar\/index.php\/wp-json\/wp\/v2\/categories?post=75413"},{"taxonomy":"post_tag","embeddable":true,"href":"https:\/\/ic.tecnopc.com.ar\/index.php\/wp-json\/wp\/v2\/tags?post=75413"}],"curies":[{"name":"wp","href":"https:\/\/api.w.org\/{rel}","templated":true}]}}