{"id":75415,"date":"2020-12-01T19:49:07","date_gmt":"2020-12-01T22:49:07","guid":{"rendered":"https:\/\/iulianocooreman.com.ar\/es\/?p=75415"},"modified":"2020-12-01T19:49:07","modified_gmt":"2020-12-01T22:49:07","slug":"dos-novedades-importantes-2","status":"publish","type":"post","link":"https:\/\/ic.tecnopc.com.ar\/index.php\/2020\/12\/01\/dos-novedades-importantes-2\/","title":{"rendered":"DOS NOVEDADES IMPORTANTES"},"content":{"rendered":"<p style=\"text-align: justify;\"><span style=\"font-weight: 400; font-family: verdana, geneva, sans-serif;\"><span style=\"color: #3366ff;\">El gobierno prorrog\u00f3 una serie de medidas de alivio, entre la que se destaca la pr\u00f3rroga de la Moratoria Ampliada hasta el 15 de diciembre y el INDEC inicia en el d\u00eda de hoy el Censo Econ\u00f3mico<\/span><\/span><!--more--><\/p>\n<p style=\"text-align: justify;\"><span style=\"font-family: verdana, geneva, sans-serif;\"><span style=\"font-weight: 400;\">El gobierno y la AFIP prorrogaron hasta el <\/span><span style=\"font-weight: 400;\">15 de diciembre de 2020<\/span><span style=\"font-weight: 400;\">, inclusive, el plazo establecido para que los contribuyentes puedan acogerse al R\u00e9gimen de Regularizaci\u00f3n establecido en el Cap\u00edtulo 1 del T\u00edtulo IV de la ley de Moratoria Ampliada.<\/span><\/span><\/p>\n<p style=\"text-align: justify;\"><span style=\"font-weight: 400; font-family: verdana, geneva, sans-serif;\">Adicionalmente se postergaron varias medidas que se detallan a continuaci\u00f3n:<\/span><\/p>\n<h4 style=\"text-align: justify;\"><strong><span style=\"font-family: verdana, geneva, sans-serif;\">Monotributistas<\/span><\/strong><\/h4>\n<p style=\"text-align: justify;\"><span style=\"font-weight: 400; font-family: verdana, geneva, sans-serif;\">Ning\u00fan monotributista ser\u00e1 dado de baja de oficio del r\u00e9gimen por la falta de pago de sus obligaciones durante noviembre. La normativa tambi\u00e9n suspendi\u00f3 las exclusiones de monotributistas correspondientes a octubre. A trav\u00e9s de la Resoluci\u00f3n General N\u00b04863 se extienden los beneficios vigentes desde marzo. La normativa establece la baja del r\u00e9gimen cuando no se abonan diez cuotas consecutivas. La AFIP resolvi\u00f3 que octubre no ser\u00e1 computado a los efectos de contabilizar el per\u00edodo necesario para la aplicaci\u00f3n de las bajas autom\u00e1ticas.<\/span><\/p>\n<p style=\"text-align: justify;\"><span style=\"font-weight: 400; font-family: verdana, geneva, sans-serif;\">Embargos y ejecuciones fiscales<\/span><\/p>\n<p style=\"text-align: justify;\"><span style=\"font-weight: 400; font-family: verdana, geneva, sans-serif;\">Se prorroga la suspensi\u00f3n de los embargos hasta el 31 de diciembre para aquellos contribuyentes inscriptos en el Registro MiPyme. La Resoluci\u00f3n General N\u00b04868 tambi\u00e9n mantiene suspendida la iniciaci\u00f3n de ejecuciones fiscales.<\/span><\/p>\n<h4 style=\"text-align: justify;\"><strong><span style=\"font-family: verdana, geneva, sans-serif;\">Presentaciones digitales<\/span><\/strong><\/h4>\n<p style=\"text-align: justify;\"><span style=\"font-weight: 400; font-family: verdana, geneva, sans-serif;\">Con el objetivo de facilitar la realizaci\u00f3n de distintos tr\u00e1mites se mantiene la obligatoriedad del uso del servicio Presentaciones Digitales hasta el 31 de diciembre. Para utilizarlo es necesario contar con clave fiscal y Domicilio Fiscal Electr\u00f3nico, registrado y confirmado. La decisi\u00f3n est\u00e1 prevista en la Resoluci\u00f3n General N\u00b04867. La normativa tambi\u00e9n posterga, hasta el \u00faltimo d\u00eda del a\u00f1o, la excepci\u00f3n de registrar los datos biom\u00e9tricos. De esta forma, los ciudadanos no deben concurrir a las dependencias para registrar su foto, firma y huella dactilar.<\/span><\/p>\n<h4 style=\"text-align: justify;\"><strong><span style=\"font-family: verdana, geneva, sans-serif;\">Planes de pago permanentes<\/span><\/strong><\/h4>\n<p style=\"text-align: justify;\"><span style=\"font-weight: 400; font-family: verdana, geneva, sans-serif;\">La Resoluci\u00f3n General N\u00b04866 extiende hasta el 31 de diciembre los beneficios en materia de tasas de inter\u00e9s, cantidad de cuotas y calificaci\u00f3n de riesgo previstos para la &#8220;adhesi\u00f3n temprana&#8221; a planes permanentes.<\/span><\/p>\n<p style=\"text-align: justify;\"><span style=\"font-family: verdana, geneva, sans-serif;\"><span style=\"font-weight: 400;\">Por otro lado, el Instituto Nacional de Estad\u00edsticas y Censos (INDEC) dio por iniciado hoy el <\/span><span style=\"font-weight: 400;\">Censo Econ\u00f3mico<\/span><span style=\"font-weight: 400;\"> que tendr\u00e1 como primer objetivo empadronar en forma obligatoria, a trav\u00e9s del formulario con quince preguntas de forma online, con la intenci\u00f3n de \u201cconcientizar a la sociedad de la importancia de contar con la informaci\u00f3n para tener mejores estad\u00edsticas y m\u00e1s herramientas de planificaci\u00f3n, no s\u00f3lo para el sector p\u00fablico sino tambi\u00e9n para el privado\u201d.\u00a0<\/span><\/span><\/p>\n<p style=\"text-align: justify;\"><span style=\"font-family: verdana, geneva, sans-serif;\"><span style=\"font-weight: 400;\">La <\/span><span style=\"font-weight: 400;\">primera etapa ser\u00e1 de empadronamiento<\/span><span style=\"font-weight: 400;\">, pidiendo a todas las unidades econ\u00f3micas, ya sean empresas, ONG, personas jur\u00eddicas sin fines de lucro, aut\u00f3nomos y monotributistas que se empadronen. El proceso es muy sencillo, es un formulario que tiene 15 preguntas y cuyo objetivo es poder caracterizar la unidad econ\u00f3mica, a qu\u00e9 sector pertenece, el tama\u00f1o de la empresa, cuestiones muy b\u00e1sicas que te permitan caracterizarla y luego poder planificar la <\/span><span style=\"font-weight: 400;\">segunda etapa, que ser\u00e1 de encuestas espec\u00edficas<\/span><span style=\"font-weight: 400;\">.\u00a0<\/span><\/span><\/p>\n<p style=\"text-align: justify;\"><span style=\"font-weight: 400; font-family: verdana, geneva, sans-serif;\">Al que cumpla se le emitir\u00e1 una c\u00e9dula censal que ser\u00e1 exigida por ejemplo para tr\u00e1mites bancarios. <\/span><\/p>\n","protected":false},"excerpt":{"rendered":"<p>El gobierno prorrog\u00f3 una serie de medidas de alivio, entre la que se destaca la pr\u00f3rroga de la Moratoria Ampliada hasta el 15 de diciembre y el INDEC inicia en el d\u00eda de hoy el Censo Econ\u00f3mico<\/p>\n","protected":false},"author":1,"featured_media":0,"comment_status":"closed","ping_status":"open","sticky":false,"template":"","format":"standard","meta":{"footnotes":""},"categories":[3],"tags":[],"class_list":["post-75415","post","type-post","status-publish","format-standard","hentry","category-ultimas-noticias"],"_links":{"self":[{"href":"https:\/\/ic.tecnopc.com.ar\/index.php\/wp-json\/wp\/v2\/posts\/75415","targetHints":{"allow":["GET"]}}],"collection":[{"href":"https:\/\/ic.tecnopc.com.ar\/index.php\/wp-json\/wp\/v2\/posts"}],"about":[{"href":"https:\/\/ic.tecnopc.com.ar\/index.php\/wp-json\/wp\/v2\/types\/post"}],"author":[{"embeddable":true,"href":"https:\/\/ic.tecnopc.com.ar\/index.php\/wp-json\/wp\/v2\/users\/1"}],"replies":[{"embeddable":true,"href":"https:\/\/ic.tecnopc.com.ar\/index.php\/wp-json\/wp\/v2\/comments?post=75415"}],"version-history":[{"count":0,"href":"https:\/\/ic.tecnopc.com.ar\/index.php\/wp-json\/wp\/v2\/posts\/75415\/revisions"}],"wp:attachment":[{"href":"https:\/\/ic.tecnopc.com.ar\/index.php\/wp-json\/wp\/v2\/media?parent=75415"}],"wp:term":[{"taxonomy":"category","embeddable":true,"href":"https:\/\/ic.tecnopc.com.ar\/index.php\/wp-json\/wp\/v2\/categories?post=75415"},{"taxonomy":"post_tag","embeddable":true,"href":"https:\/\/ic.tecnopc.com.ar\/index.php\/wp-json\/wp\/v2\/tags?post=75415"}],"curies":[{"name":"wp","href":"https:\/\/api.w.org\/{rel}","templated":true}]}}