{"id":75477,"date":"2021-01-20T19:55:30","date_gmt":"2021-01-20T22:55:30","guid":{"rendered":"https:\/\/iulianocooreman.com.ar\/es\/?p=75477"},"modified":"2021-01-20T19:55:30","modified_gmt":"2021-01-20T22:55:30","slug":"queres-saber-que-sabe-la-afip-de-tus-facturas","status":"publish","type":"post","link":"https:\/\/ic.tecnopc.com.ar\/index.php\/2021\/01\/20\/queres-saber-que-sabe-la-afip-de-tus-facturas\/","title":{"rendered":"QUER\u00c9S SABER QU\u00c9 SABE LA AFIP DE TUS FACTURAS?"},"content":{"rendered":"<p style=\"text-align: justify;\"><span style=\"font-weight: 400; font-family: verdana, geneva, sans-serif; color: #3366ff;\">La AFIP habilit\u00f3 el servicio \u201cMis Comprobantes,\u201d que permite\u00a0a cualquier contribuyente ver\u00a0las facturas electr\u00f3nicas emitidas y las que emitieron proveedores o terceros, en un determinado periodo de tiempo.\u00a0<\/span><\/p>\n<p style=\"text-align: justify;\"><span style=\"font-family: verdana, geneva, sans-serif;\"><span style=\"font-weight: 400; color: #3366ff;\">Es importante saber que los due\u00f1os de empresas pueden delegar a sus empleados este servicio, limitando el acceso de la informaci\u00f3n que contiene su clave fiscal.<\/span><!--more--><\/span><\/p>\n<p style=\"text-align: justify;\"><span style=\"font-weight: 400; font-family: verdana, geneva, sans-serif;\">Si est\u00e1s interesado en esta herramienta, \u00e9ste es el procedimiento que se debe utilizar o delegar a quien se encargar\u00e1 de la tarea:<\/span><\/p>\n<p style=\"text-align: justify;\"><span style=\"font-family: verdana, geneva, sans-serif;\"><b>C\u00f3mo ingresar a \u201cMis Comprobantes\u201d<\/b><\/span><\/p>\n<p style=\"text-align: justify;\"><span style=\"font-family: verdana, geneva, sans-serif;\"><span style=\"font-weight: 400;\">Se ingresa directamente con CUIT\/CUIL y clave fiscal <\/span><b>o se puede delegar en un empleado que s\u00f3lo pueda acceder a este sitio mientras tenga CUIT o CUIL.<\/b><\/span><\/p>\n<p style=\"text-align: justify;\"><span style=\"font-weight: 400; font-family: verdana, geneva, sans-serif;\">Si no est\u00e1 habilitado el servicio hay que habilitarlo desde el \u201cAdministrador de Relaciones de Clave Fiscal\u201d y buscar el servicio de AFIP \u201cMis Comprobantes.\u201d<\/span><\/p>\n<p style=\"text-align: justify;\"><span style=\"font-family: verdana, geneva, sans-serif;\"><span style=\"font-weight: 400;\">Una vez habilitado, se podr\u00e1 ingresar y\u00a0<\/span><b>buscar comprobantes Emitidos y Recibidos<\/b><\/span><\/p>\n<p style=\"text-align: justify;\"><span style=\"text-decoration: underline; font-family: verdana, geneva, sans-serif;\"><span style=\"font-weight: 400;\">El servicio, incluso, puede delegarse a los CUIL\/CUIT que el representante desee autorizar.<\/span><\/span><\/p>\n<p style=\"text-align: justify;\"><span style=\"font-family: verdana, geneva, sans-serif;\"><b>Aspectos Importantes<\/b><\/span><\/p>\n<p style=\"text-align: justify;\"><span style=\"font-weight: 400; font-family: verdana, geneva, sans-serif;\">Es de suma importancia, tomarlo como herramienta de control para el propio contribuyente, para cotejar que todos los comprobantes de compras que figuran en &#8220;Mis Comprobantes recibidos&#8221; est\u00e9n recibidos y procesados en el libro de IVA Compras.\u00a0<\/span><\/p>\n<p style=\"text-align: justify;\"><span style=\"text-decoration: underline; font-family: verdana, geneva, sans-serif;\"><span style=\"font-weight: 400;\">Es importante resaltar, que existen algunos comprobantes que no figuran en los listados puestos a disposici\u00f3n por AFIP<\/span><span style=\"font-weight: 400;\">, como por ejemplo:<\/span><\/span><\/p>\n<ul style=\"text-align: justify;\">\n<li style=\"font-weight: 400;\" aria-level=\"1\"><span style=\"font-weight: 400; font-family: verdana, geneva, sans-serif;\">Las facturas con CAI. Actualmente, con la generalizaci\u00f3n de factura electr\u00f3nica, no deber\u00edan contar con este tipo de comprobantes sino s\u00f3lo alguna situaci\u00f3n muy concreta.\u00a0<\/span><\/li>\n<li style=\"font-weight: 400;\" aria-level=\"1\"><span style=\"font-weight: 400; font-family: verdana, geneva, sans-serif;\">Los comprobantes emitidos por controladores fiscales de vieja tecnolog\u00eda. Estos, se ir\u00e1n incorporando con la implementaci\u00f3n de controladores fiscales de nueva tecnolog\u00eda que ya se ha puesto en marcha.\u00a0<\/span><\/li>\n<li style=\"font-weight: 400;\" aria-level=\"1\"><span style=\"font-weight: 400; font-family: verdana, geneva, sans-serif;\">Los comprobantes que no poseen los c\u00f3digos &#8220;tradicionales&#8221; de facturas: por ejemplo, facturas de cr\u00e9dito, liquidaciones de hacienda, de cereal, cuenta de venta, y l\u00edquido producto, extractos bancarios, res\u00famenes de tarjetas de cr\u00e9dito, entre otros.<\/span><\/li>\n<\/ul>\n<p style=\"text-align: justify;\"><span style=\"font-weight: 400; font-family: verdana, geneva, sans-serif;\">Si bien a\u00fan hay comprobantes que no se pueden visualizar, se trata de una buena fuente de informaci\u00f3n que puede ser aprovechada por los contribuyentes.<\/span><\/p>\n<p style=\"text-align: justify;\"><span style=\"font-weight: 400; font-family: verdana, geneva, sans-serif;\">Nuestra recomendaci\u00f3n es al cierre de cada mes, hacer un an\u00e1lisis de la informaci\u00f3n descargando en formato Excel del mes finalizado (se elige \u201cMes Pasado\u201d en el sistema), y compararlo con la informaci\u00f3n volcada al Subdiario de IVA.\u00a0<\/span><\/p>\n<p style=\"text-align: justify;\"><span style=\"font-weight: 400; font-family: verdana, geneva, sans-serif;\">En este listado figuran entre otros datos:<\/span><\/p>\n<ul style=\"text-align: justify;\">\n<li style=\"font-weight: 400;\" aria-level=\"1\"><span style=\"font-weight: 400; font-family: verdana, geneva, sans-serif;\">Imp. Neto Gravado: Figura el Neto Gravado en IVA<\/span><\/li>\n<li style=\"font-weight: 400;\" aria-level=\"1\"><span style=\"font-weight: 400; font-family: verdana, geneva, sans-serif;\">Imp. Neto No Gravado: Figura el Neto No Gravado en IVA<\/span><\/li>\n<li style=\"font-weight: 400;\" aria-level=\"1\"><span style=\"font-weight: 400; font-family: verdana, geneva, sans-serif;\">Imp. Op. Exentas: Figura las Operaciones Exentas de IVA<\/span><\/li>\n<li style=\"font-weight: 400;\" aria-level=\"1\"><span style=\"font-weight: 400; font-family: verdana, geneva, sans-serif;\">IVA: Figura el IVA total sin discriminar los %<\/span><\/li>\n<li style=\"font-weight: 400;\" aria-level=\"1\"><span style=\"font-weight: 400; font-family: verdana, geneva, sans-serif;\">Imp. Total: Figura el Total de la Factura (incluyendo \u201cPercepciones\u201d y \u201cOtros Impuestos\u201d que no aparecen discriminados en el sistema)<\/span><\/li>\n<\/ul>\n<p style=\"text-align: justify;\"><span style=\"font-weight: 400; font-family: verdana, geneva, sans-serif;\">Los mismos, sirven para mejorar el control interno de la empresa y deber\u00e1n adecuarse a cada una en funci\u00f3n a sus caracter\u00edsticas.<\/span><\/p>\n<p><span style=\"font-family: verdana, geneva, sans-serif;\"><img loading=\"lazy\" decoding=\"async\" class=\" wp-image-7746 aligncenter\" src=\"https:\/\/ic.tecnopc.com.ar\/wp-content\/uploads\/2021\/01\/foto-1.png\" alt=\"\" width=\"409\" height=\"266\" \/><\/span><\/p>\n<p><span style=\"font-weight: 400; font-family: verdana, geneva, sans-serif;\">Se puede buscar por : Fecha \/ Tipo de comprobante \/ Punto de venta \/ N\u00famero de comprobante \/ CUIT \/ C\u00f3digo de autorizaci\u00f3n.<\/span><\/p>\n<p><span style=\"font-family: verdana, geneva, sans-serif;\"><img loading=\"lazy\" decoding=\"async\" class=\" wp-image-7747 aligncenter\" src=\"https:\/\/ic.tecnopc.com.ar\/wp-content\/uploads\/2021\/01\/foto-2.png\" alt=\"\" width=\"414\" height=\"286\" \/><\/span><\/p>\n<p><span style=\"font-weight: 400; font-family: verdana, geneva, sans-serif;\">Les solicitamos que, ante cualquier duda, se contacten con Estudio, con el fin de guiarlos para un mejor aprovechamiento de estos datos con los que AFIP cuenta y pone a disposici\u00f3n.\u00a0<\/span><\/p>\n","protected":false},"excerpt":{"rendered":"<p>La AFIP habilit\u00f3 el servicio \u201cMis Comprobantes,\u201d que permite\u00a0a cualquier contribuyente ver\u00a0las facturas electr\u00f3nicas emitidas y las que emitieron proveedores o terceros, en un determinado periodo de tiempo.\u00a0<br \/>\nEs importante saber que los due\u00f1os de empresas pueden delegar a sus empleados este servicio, limitando el acceso de la informaci\u00f3n que contiene su clave fiscal.<\/p>\n","protected":false},"author":1,"featured_media":0,"comment_status":"closed","ping_status":"open","sticky":false,"template":"","format":"standard","meta":{"footnotes":""},"categories":[3],"tags":[],"class_list":["post-75477","post","type-post","status-publish","format-standard","hentry","category-ultimas-noticias"],"_links":{"self":[{"href":"https:\/\/ic.tecnopc.com.ar\/index.php\/wp-json\/wp\/v2\/posts\/75477","targetHints":{"allow":["GET"]}}],"collection":[{"href":"https:\/\/ic.tecnopc.com.ar\/index.php\/wp-json\/wp\/v2\/posts"}],"about":[{"href":"https:\/\/ic.tecnopc.com.ar\/index.php\/wp-json\/wp\/v2\/types\/post"}],"author":[{"embeddable":true,"href":"https:\/\/ic.tecnopc.com.ar\/index.php\/wp-json\/wp\/v2\/users\/1"}],"replies":[{"embeddable":true,"href":"https:\/\/ic.tecnopc.com.ar\/index.php\/wp-json\/wp\/v2\/comments?post=75477"}],"version-history":[{"count":0,"href":"https:\/\/ic.tecnopc.com.ar\/index.php\/wp-json\/wp\/v2\/posts\/75477\/revisions"}],"wp:attachment":[{"href":"https:\/\/ic.tecnopc.com.ar\/index.php\/wp-json\/wp\/v2\/media?parent=75477"}],"wp:term":[{"taxonomy":"category","embeddable":true,"href":"https:\/\/ic.tecnopc.com.ar\/index.php\/wp-json\/wp\/v2\/categories?post=75477"},{"taxonomy":"post_tag","embeddable":true,"href":"https:\/\/ic.tecnopc.com.ar\/index.php\/wp-json\/wp\/v2\/tags?post=75477"}],"curies":[{"name":"wp","href":"https:\/\/api.w.org\/{rel}","templated":true}]}}