{"id":75490,"date":"2021-01-23T10:51:32","date_gmt":"2021-01-23T13:51:32","guid":{"rendered":"https:\/\/iulianocooreman.com.ar\/es\/?p=75490"},"modified":"2021-01-23T10:51:32","modified_gmt":"2021-01-23T13:51:32","slug":"limitaran-la-doble-indemnizacion-y-ampliaran-la-prohibicion-de-despidos","status":"publish","type":"post","link":"https:\/\/ic.tecnopc.com.ar\/index.php\/2021\/01\/23\/limitaran-la-doble-indemnizacion-y-ampliaran-la-prohibicion-de-despidos\/","title":{"rendered":"LIMITAR\u00c1N LA DOBLE INDEMNIZACI\u00d3N Y AMPLIAR\u00c1N LA PROHIBICI\u00d3N DE DESPIDOS"},"content":{"rendered":"<p style=\"text-align: justify;\"><span style=\"font-family: verdana, geneva, sans-serif;\"><span style=\"font-weight: 400; color: #3366ff;\">Se anunci\u00f3, pero a\u00fan no se public\u00f3, que prorrogar\u00e1n por 90 d\u00edas la prohibici\u00f3n de despidos y suspensiones, y se extender\u00e1 la doble indemnizaci\u00f3n, con un tope de $500.000 para los despidos sin causa, hasta diciembre 2021.<\/span><!--more--><\/span><\/p>\n<p style=\"text-align: justify;\"><span style=\"font-weight: 400; font-family: verdana, geneva, sans-serif;\">El Gobierno nacional decidi\u00f3 hoy prorrogar por 90 d\u00edas la vigencia de la normativa que proh\u00edbe los despidos y extender la obligatoriedad del pago de una doble indemnizaci\u00f3n para los casos de cesant\u00eda por todo el a\u00f1o 2021, con tope de $500.000, informaron fuentes oficiales.<\/span><\/p>\n<p style=\"text-align: justify;\"><span style=\"font-weight: 400; font-family: verdana, geneva, sans-serif;\">Los portavoces dijeron a T\u00e9lam que la medida estar\u00e1 contenida en un decreto que est\u00e1 a la firma del presidente Alberto Fern\u00e1ndez; el jefe de Gabinete, Santiago Cafiero; y el ministro de Trabajo, Claudio Moroni<\/span><\/p>\n","protected":false},"excerpt":{"rendered":"<p>Se anunci\u00f3, pero a\u00fan no se public\u00f3, que prorrogar\u00e1n por 90 d\u00edas la prohibici\u00f3n de despidos y suspensiones, y se extender\u00e1 la doble indemnizaci\u00f3n, con un tope de $500.000 para los despidos sin causa, hasta diciembre 2021.<\/p>\n","protected":false},"author":1,"featured_media":0,"comment_status":"closed","ping_status":"open","sticky":false,"template":"","format":"standard","meta":{"footnotes":""},"categories":[3],"tags":[],"class_list":["post-75490","post","type-post","status-publish","format-standard","hentry","category-ultimas-noticias"],"_links":{"self":[{"href":"https:\/\/ic.tecnopc.com.ar\/index.php\/wp-json\/wp\/v2\/posts\/75490","targetHints":{"allow":["GET"]}}],"collection":[{"href":"https:\/\/ic.tecnopc.com.ar\/index.php\/wp-json\/wp\/v2\/posts"}],"about":[{"href":"https:\/\/ic.tecnopc.com.ar\/index.php\/wp-json\/wp\/v2\/types\/post"}],"author":[{"embeddable":true,"href":"https:\/\/ic.tecnopc.com.ar\/index.php\/wp-json\/wp\/v2\/users\/1"}],"replies":[{"embeddable":true,"href":"https:\/\/ic.tecnopc.com.ar\/index.php\/wp-json\/wp\/v2\/comments?post=75490"}],"version-history":[{"count":0,"href":"https:\/\/ic.tecnopc.com.ar\/index.php\/wp-json\/wp\/v2\/posts\/75490\/revisions"}],"wp:attachment":[{"href":"https:\/\/ic.tecnopc.com.ar\/index.php\/wp-json\/wp\/v2\/media?parent=75490"}],"wp:term":[{"taxonomy":"category","embeddable":true,"href":"https:\/\/ic.tecnopc.com.ar\/index.php\/wp-json\/wp\/v2\/categories?post=75490"},{"taxonomy":"post_tag","embeddable":true,"href":"https:\/\/ic.tecnopc.com.ar\/index.php\/wp-json\/wp\/v2\/tags?post=75490"}],"curies":[{"name":"wp","href":"https:\/\/api.w.org\/{rel}","templated":true}]}}