{"id":75497,"date":"2021-01-28T18:28:51","date_gmt":"2021-01-28T21:28:51","guid":{"rendered":"https:\/\/iulianocooreman.com.ar\/es\/?p=75497"},"modified":"2021-01-28T18:28:51","modified_gmt":"2021-01-28T21:28:51","slug":"monotributistas-prorrogan-beneficios","status":"publish","type":"post","link":"https:\/\/ic.tecnopc.com.ar\/index.php\/2021\/01\/28\/monotributistas-prorrogan-beneficios\/","title":{"rendered":"MONOTRIBUTISTAS: PRORROGAN BENEFICIOS"},"content":{"rendered":"<p style=\"text-align: justify;\"><span style=\"font-weight: 400; font-family: verdana, geneva, sans-serif; color: #3366ff;\">Afip estableci\u00f3 que ning\u00fan monotributista ser\u00e1 dado de baja de oficio por falta de pago, o por diferencias de encuadre o categorizaci\u00f3n, durante enero, febrero y marzo.<\/span><!--more--><\/p>\n<p style=\"text-align: justify;\"><span style=\"font-weight: 400; font-family: verdana, geneva, sans-serif;\">La normativa establece la baja del r\u00e9gimen cuando no se abonan diez cuotas consecutivas. La AFIP resolvi\u00f3, como en meses anteriores, que enero, febrero y marzo no ser\u00e1n computados a los efectos de contabilizar el per\u00edodo necesario para la aplicaci\u00f3n de las bajas sist\u00e9micas.<\/span><\/p>\n<p style=\"text-align: justify;\"><span style=\"font-weight: 400; font-family: verdana, geneva, sans-serif;\">Asimismo, existen distintas situaciones previstas en la ley que generan la baja del r\u00e9gimen. La m\u00e1s extendida es cuando la suma de los ingresos brutos del contribuyente excede el m\u00e1ximo establecido por la categor\u00eda m\u00e1xima disponible. La AFIP defini\u00f3 que esos cruces sist\u00e9micos no ser\u00e1n utilizados hasta abril para proceder con exclusiones de oficio.<\/span><\/p>\n<h4 style=\"text-align: justify;\"><span style=\"font-weight: 400; font-family: verdana, geneva, sans-serif;\">Planes de pago<\/span><\/h4>\n<p style=\"text-align: justify;\"><span style=\"font-weight: 400; font-family: verdana, geneva, sans-serif;\">Asimismo, extendi\u00f3 hasta el 31 de marzo de 2021 los beneficios en materia de tasas de inter\u00e9s, cantidad de cuotas y calificaci\u00f3n de riesgo previstos para la adhesi\u00f3n temprana a los planes de facilidades de pago permanentes.<\/span><\/p>\n","protected":false},"excerpt":{"rendered":"<p>Afip estableci\u00f3 que ning\u00fan monotributista ser\u00e1 dado de baja de oficio por falta de pago, o por diferencias de encuadre o categorizaci\u00f3n, durante enero, febrero y marzo.<\/p>\n","protected":false},"author":1,"featured_media":0,"comment_status":"closed","ping_status":"open","sticky":false,"template":"","format":"standard","meta":{"footnotes":""},"categories":[3],"tags":[],"class_list":["post-75497","post","type-post","status-publish","format-standard","hentry","category-ultimas-noticias"],"_links":{"self":[{"href":"https:\/\/ic.tecnopc.com.ar\/index.php\/wp-json\/wp\/v2\/posts\/75497","targetHints":{"allow":["GET"]}}],"collection":[{"href":"https:\/\/ic.tecnopc.com.ar\/index.php\/wp-json\/wp\/v2\/posts"}],"about":[{"href":"https:\/\/ic.tecnopc.com.ar\/index.php\/wp-json\/wp\/v2\/types\/post"}],"author":[{"embeddable":true,"href":"https:\/\/ic.tecnopc.com.ar\/index.php\/wp-json\/wp\/v2\/users\/1"}],"replies":[{"embeddable":true,"href":"https:\/\/ic.tecnopc.com.ar\/index.php\/wp-json\/wp\/v2\/comments?post=75497"}],"version-history":[{"count":0,"href":"https:\/\/ic.tecnopc.com.ar\/index.php\/wp-json\/wp\/v2\/posts\/75497\/revisions"}],"wp:attachment":[{"href":"https:\/\/ic.tecnopc.com.ar\/index.php\/wp-json\/wp\/v2\/media?parent=75497"}],"wp:term":[{"taxonomy":"category","embeddable":true,"href":"https:\/\/ic.tecnopc.com.ar\/index.php\/wp-json\/wp\/v2\/categories?post=75497"},{"taxonomy":"post_tag","embeddable":true,"href":"https:\/\/ic.tecnopc.com.ar\/index.php\/wp-json\/wp\/v2\/tags?post=75497"}],"curies":[{"name":"wp","href":"https:\/\/api.w.org\/{rel}","templated":true}]}}