{"id":75514,"date":"2021-02-08T08:38:06","date_gmt":"2021-02-08T11:38:06","guid":{"rendered":"https:\/\/iulianocooreman.com.ar\/es\/?p=75514"},"modified":"2021-02-08T08:38:06","modified_gmt":"2021-02-08T11:38:06","slug":"debo-llenar-el-censo-del-indec","status":"publish","type":"post","link":"https:\/\/ic.tecnopc.com.ar\/index.php\/2021\/02\/08\/debo-llenar-el-censo-del-indec\/","title":{"rendered":"\u00bfDEBO LLENAR EL CENSO DEL INDEC?"},"content":{"rendered":"<p style=\"text-align: justify;\"><span style=\"font-family: verdana, geneva, sans-serif; color: #3366ff;\"><span style=\"font-weight: 400;\">El INDEC determin\u00f3 que el Censo Nacional Econ\u00f3mico es <\/span><span style=\"font-weight: 400;\">obligatorio<\/span><span style=\"font-weight: 400;\">. Por lo tanto deben completarlo <\/span><span style=\"text-decoration: underline;\"><span style=\"font-weight: 400;\">todos los productores<\/span><\/span><span style=\"font-weight: 400;\"> de bienes y servicios <\/span><span style=\"text-decoration: underline;\"><span style=\"font-weight: 400;\">que posean N\u00b0 de CUIT<\/span><\/span><span style=\"font-weight: 400;\">, tanto resulten <\/span><span style=\"text-decoration: underline;\"><span style=\"font-weight: 400;\">personas humanas<\/span><\/span><span style=\"font-weight: 400;\">,\u00a0 como para <\/span><span style=\"text-decoration: underline;\"><span style=\"font-weight: 400;\">personas jur\u00eddicas<\/span><\/span><span style=\"font-weight: 400;\">, instituciones sin fines de lucro y las actividades individuales y peque\u00f1as producciones representadas por <\/span><span style=\"text-decoration: underline;\"><span style=\"font-weight: 400;\">monotributistas y aut\u00f3nomos<\/span><\/span><span style=\"font-weight: 400;\"><span style=\"text-decoration: underline;\">.<\/span>\u00a0<\/span><\/span><!--more--><\/p>\n<p style=\"text-align: justify;\"><span style=\"font-weight: 400; font-family: verdana, geneva, sans-serif;\">El Banco Central dispuso los plazos en los que los Bancos deber\u00e1n exigir el cumplimiento del Censo del INDEC:<\/span><\/p>\n<ul style=\"text-align: justify;\">\n<li style=\"font-weight: 400;\" aria-level=\"1\"><span style=\"font-family: verdana, geneva, sans-serif;\"><span style=\"font-weight: 400;\">A partir del <\/span><span style=\"text-decoration: underline;\"><span style=\"font-weight: 400;\">1\u00b0 de abril<\/span><\/span><span style=\"font-weight: 400;\"> de 2021 para las sociedades\u00a0<\/span><\/span><\/li>\n<li style=\"font-weight: 400;\" aria-level=\"1\"><span style=\"font-family: verdana, geneva, sans-serif;\"><span style=\"font-weight: 400;\">A partir del <\/span><span style=\"text-decoration: underline;\"><span style=\"font-weight: 400;\">1\u00b0 de mayo<\/span><\/span><span style=\"font-weight: 400;\"> de 2021 para las personas humanas Responsables\u00a0<\/span><\/span><\/li>\n<li style=\"font-weight: 400;\" aria-level=\"1\"><span style=\"font-family: verdana, geneva, sans-serif;\"><span style=\"font-weight: 400;\">A partir del <\/span><span style=\"text-decoration: underline;\"><span style=\"font-weight: 400;\">1\u00b0 de julio de 2021<\/span><\/span><span style=\"font-weight: 400;\"> para las personas f\u00edsicas que sean Monotributistas<\/span><\/span><\/li>\n<\/ul>\n<p style=\"text-align: justify;\"><span style=\"text-decoration: underline;\"><span style=\"font-family: verdana, geneva, sans-serif;\"><span style=\"font-weight: 400;\">Quien no cumpla con el Censo, estar\u00e1 impedido de<\/span><span style=\"font-weight: 400;\">:<\/span><\/span><\/span><\/p>\n<p style=\"text-align: justify;\"><span style=\"font-weight: 400; font-family: verdana, geneva, sans-serif;\">\u2013 Abrir cuentas de dep\u00f3sitos y de cualquier otra que implique captaci\u00f3n de fondos,<\/span><\/p>\n<p style=\"text-align: justify;\"><span style=\"font-weight: 400; font-family: verdana, geneva, sans-serif;\">\u2013 Solicitar cr\u00e9ditos y sus respectivas renovaciones,<\/span><\/p>\n<p style=\"text-align: justify;\"><span style=\"font-weight: 400; font-family: verdana, geneva, sans-serif;\">\u2013 Solicitar cr\u00e9ditos documentarios,<\/span><\/p>\n<p style=\"text-align: justify;\"><span style=\"font-weight: 400; font-family: verdana, geneva, sans-serif;\">\u2013 Abrir cuentas para valores en custodia,<\/span><\/p>\n<p style=\"text-align: justify;\"><span style=\"font-weight: 400; font-family: verdana, geneva, sans-serif;\">\u2013 Requerir fianzas y pr\u00e9stamos de valores,<\/span><\/p>\n<p style=\"text-align: justify;\"><span style=\"font-weight: 400; font-family: verdana, geneva, sans-serif;\">\u2013 Alquilar de cajas de seguridad.<\/span><\/p>\n<p style=\"text-align: justify;\"><span style=\"font-weight: 400; font-family: verdana, geneva, sans-serif;\">La convocatoria se realiz\u00f3 mediante la Resoluci\u00f3n 180\/20 del INDEC poni\u00e9ndose en marcha desde el 30 de noviembre pasado por 180 d\u00edas.\u00a0<\/span><\/p>\n<p style=\"text-align: justify;\"><span style=\"font-weight: 400; font-family: verdana, geneva, sans-serif;\">Una de las preguntas m\u00e1s frecuentes se relaciona con la falta de actividad durante el ejercicio solicitado. El Ente aclar\u00f3 que el cuestionario debe completarse aunque la facturaci\u00f3n sea igual a cero.<\/span><\/p>\n<p style=\"text-align: justify;\"><span style=\"font-weight: 400; font-family: verdana, geneva, sans-serif;\">La informaci\u00f3n que se obtenga se encontrar\u00e1 amparada por el Secreto Estad\u00edstico.\u00a0<\/span><\/p>\n<p style=\"text-align: justify;\"><span style=\"font-weight: 400; font-family: verdana, geneva, sans-serif;\">Insistimos en que se deben preparar los datos para el 28\/02\/2021, debido a que si se llega cerca del 31\/03 podr\u00edan generarse inconvenientes de sistemas que puedan complicar la presesentaci\u00f3n.<\/span><\/p>\n","protected":false},"excerpt":{"rendered":"<p>El INDEC determin\u00f3 que el Censo Nacional Econ\u00f3mico es obligatorio. Por lo tanto deben completarlo todos los productores de bienes y servicios que posean N\u00b0 de CUIT, tanto resulten personas humanas,\u00a0 como para personas jur\u00eddicas, instituciones sin fines de lucro y las actividades individuales y peque\u00f1as producciones representadas por monotributistas y aut\u00f3nomos.\u00a0<\/p>\n","protected":false},"author":1,"featured_media":0,"comment_status":"closed","ping_status":"open","sticky":false,"template":"","format":"standard","meta":{"footnotes":""},"categories":[3],"tags":[],"class_list":["post-75514","post","type-post","status-publish","format-standard","hentry","category-ultimas-noticias"],"_links":{"self":[{"href":"https:\/\/ic.tecnopc.com.ar\/index.php\/wp-json\/wp\/v2\/posts\/75514","targetHints":{"allow":["GET"]}}],"collection":[{"href":"https:\/\/ic.tecnopc.com.ar\/index.php\/wp-json\/wp\/v2\/posts"}],"about":[{"href":"https:\/\/ic.tecnopc.com.ar\/index.php\/wp-json\/wp\/v2\/types\/post"}],"author":[{"embeddable":true,"href":"https:\/\/ic.tecnopc.com.ar\/index.php\/wp-json\/wp\/v2\/users\/1"}],"replies":[{"embeddable":true,"href":"https:\/\/ic.tecnopc.com.ar\/index.php\/wp-json\/wp\/v2\/comments?post=75514"}],"version-history":[{"count":0,"href":"https:\/\/ic.tecnopc.com.ar\/index.php\/wp-json\/wp\/v2\/posts\/75514\/revisions"}],"wp:attachment":[{"href":"https:\/\/ic.tecnopc.com.ar\/index.php\/wp-json\/wp\/v2\/media?parent=75514"}],"wp:term":[{"taxonomy":"category","embeddable":true,"href":"https:\/\/ic.tecnopc.com.ar\/index.php\/wp-json\/wp\/v2\/categories?post=75514"},{"taxonomy":"post_tag","embeddable":true,"href":"https:\/\/ic.tecnopc.com.ar\/index.php\/wp-json\/wp\/v2\/tags?post=75514"}],"curies":[{"name":"wp","href":"https:\/\/api.w.org\/{rel}","templated":true}]}}