{"id":75532,"date":"2021-03-01T09:16:52","date_gmt":"2021-03-01T12:16:52","guid":{"rendered":"https:\/\/iulianocooreman.com.ar\/es\/?p=75532"},"modified":"2021-03-01T09:16:52","modified_gmt":"2021-03-01T12:16:52","slug":"afip-anuncio-por-impuesto-a-la-riqueza","status":"publish","type":"post","link":"https:\/\/ic.tecnopc.com.ar\/index.php\/2021\/03\/01\/afip-anuncio-por-impuesto-a-la-riqueza\/","title":{"rendered":"AFIP: ANUNCIO POR IMPUESTO A LA RIQUEZA"},"content":{"rendered":"<p style=\"text-align: justify;\"><span style=\"font-weight: 400; font-family: verdana, geneva, sans-serif; color: #3366ff;\">La AFIP anunci\u00f3 que lanzar\u00e1 una investigaci\u00f3n sobre los contribuyentes\u00a0 que podr\u00edan estar alcanzados por el aporte solidario, en funci\u00f3n de montos o porque no presentaron la declaraci\u00f3n jurada de Bienes Personales 2019.<\/span><!--more--><\/p>\n<p style=\"text-align: justify;\"><span style=\"font-weight: 400; font-family: verdana, geneva, sans-serif;\">Se anunci\u00f3 que el Organismo est\u00e1 investigando un universo de contribuyentes de alrededor de 13.000 personas que son las que estar\u00edan alcanzadas por el impuesto a la riqueza y, en especial, sobre un grupo de 2.500 personas que no presentaron la declaraci\u00f3n jurada de Bienes Personales de 2019 y que, dado el patrimonio que dichos sujetos tienen, la AFIP sospecha de maniobras elusivas para no pagar el aporte solidario.<\/span><\/p>\n<p style=\"text-align: justify;\"><span style=\"font-weight: 400; font-family: verdana, geneva, sans-serif;\">Desde el organismo explicaron que, en particular, la lupa est\u00e1 puesta en 2.500 casos donde la omisi\u00f3n de presentaci\u00f3n de la declaraci\u00f3n jurada constituye \u201cun indicio indubitable de un ardid tendiente a eludir el pago del Aporte solidario\u201d.<\/span><\/p>\n<p style=\"text-align: justify;\"><span style=\"font-weight: 400; font-family: verdana, geneva, sans-serif;\">El anuncio aclar\u00f3 que la intenci\u00f3n de Marc\u00f3 del Pont es, de comprobarse la maniobra, avanzar en la Justicia, por lo que ya se defini\u00f3 que la entidad iniciar\u00e1 denuncias penales contra esos contribuyentes por evasi\u00f3n agravada.<\/span><\/p>\n<p style=\"text-align: justify;\"><span style=\"font-weight: 400; font-family: verdana, geneva, sans-serif;\">Las denuncias penales se radicar\u00e1n en los casos de los que no paguen el Aporte; la fecha prevista en la reglamentaci\u00f3n para dicho pago es el 30 de marzo.<\/span><\/p>\n","protected":false},"excerpt":{"rendered":"<p>La AFIP anunci\u00f3 que lanzar\u00e1 una investigaci\u00f3n sobre los contribuyentes\u00a0 que podr\u00edan estar alcanzados por el aporte solidario, en funci\u00f3n de montos o porque no presentaron la declaraci\u00f3n jurada de Bienes Personales 2019.<\/p>\n","protected":false},"author":1,"featured_media":0,"comment_status":"closed","ping_status":"open","sticky":false,"template":"","format":"standard","meta":{"footnotes":""},"categories":[3],"tags":[],"class_list":["post-75532","post","type-post","status-publish","format-standard","hentry","category-ultimas-noticias"],"_links":{"self":[{"href":"https:\/\/ic.tecnopc.com.ar\/index.php\/wp-json\/wp\/v2\/posts\/75532","targetHints":{"allow":["GET"]}}],"collection":[{"href":"https:\/\/ic.tecnopc.com.ar\/index.php\/wp-json\/wp\/v2\/posts"}],"about":[{"href":"https:\/\/ic.tecnopc.com.ar\/index.php\/wp-json\/wp\/v2\/types\/post"}],"author":[{"embeddable":true,"href":"https:\/\/ic.tecnopc.com.ar\/index.php\/wp-json\/wp\/v2\/users\/1"}],"replies":[{"embeddable":true,"href":"https:\/\/ic.tecnopc.com.ar\/index.php\/wp-json\/wp\/v2\/comments?post=75532"}],"version-history":[{"count":0,"href":"https:\/\/ic.tecnopc.com.ar\/index.php\/wp-json\/wp\/v2\/posts\/75532\/revisions"}],"wp:attachment":[{"href":"https:\/\/ic.tecnopc.com.ar\/index.php\/wp-json\/wp\/v2\/media?parent=75532"}],"wp:term":[{"taxonomy":"category","embeddable":true,"href":"https:\/\/ic.tecnopc.com.ar\/index.php\/wp-json\/wp\/v2\/categories?post=75532"},{"taxonomy":"post_tag","embeddable":true,"href":"https:\/\/ic.tecnopc.com.ar\/index.php\/wp-json\/wp\/v2\/tags?post=75532"}],"curies":[{"name":"wp","href":"https:\/\/api.w.org\/{rel}","templated":true}]}}