{"id":75555,"date":"2021-03-29T15:38:53","date_gmt":"2021-03-29T18:38:53","guid":{"rendered":"https:\/\/iulianocooreman.com.ar\/es\/?p=75555"},"modified":"2021-03-29T15:38:53","modified_gmt":"2021-03-29T18:38:53","slug":"contratos-de-locacion-registro","status":"publish","type":"post","link":"https:\/\/ic.tecnopc.com.ar\/index.php\/2021\/03\/29\/contratos-de-locacion-registro\/","title":{"rendered":"CONTRATOS DE LOCACI\u00d3N: REGISTRO"},"content":{"rendered":"<p style=\"text-align: justify;\"><span style=\"font-weight: 400; font-family: verdana, geneva, sans-serif; color: #3366ff;\">Recordamos que a partir del 1\u00b0 de marzo, se deben registrar los contratos de locaci\u00f3n y arrendamiento con el objeto de verificar el cumplimiento de las obligaciones fiscales de los sujetos intervinientes.<\/span><!--more--><\/p>\n<p style=\"text-align: justify;\"><span style=\"font-weight: 400; font-family: verdana, geneva, sans-serif;\">Sujetos Obligados: Los locadores o arrendadores. Los locatarios o arrendatarios y los\u00a0 intermediarios (corredores, inmobiliarias y escribanos) que intervengan, son sujetos voluntarios.<\/span><\/p>\n<p style=\"text-align: justify;\"><span style=\"font-weight: 400; font-family: verdana, geneva, sans-serif;\">Se deben registrar, los contratos celebrados a partir del 1\u00b0 de julio de 2020 y que contin\u00faen vigentes, y los concretados durante marzo de 2021, que podr\u00e1n registrarse hasta el 15 de abril de 2021, inclusive.\u00a0<\/span><\/p>\n<p style=\"text-align: justify;\"><span style=\"font-weight: 400; font-family: verdana, geneva, sans-serif;\">Desde abril de 2021 tendr\u00e1n un plazo de 15 d\u00edas posterior al acto, para registrarse.\u00a0<\/span><\/p>\n<h4 style=\"text-align: justify;\"><span style=\"font-weight: 400; font-family: verdana, geneva, sans-serif;\">Contratos o modificaciones alcanzados:<\/span><\/h4>\n<ol style=\"text-align: justify;\">\n<li style=\"font-weight: 400;\" aria-level=\"1\"><span style=\"font-weight: 400; font-family: verdana, geneva, sans-serif;\">Locaciones de bienes inmuebles urbanos\u00a0<\/span><\/li>\n<li style=\"font-weight: 400;\" aria-level=\"1\"><span style=\"font-weight: 400; font-family: verdana, geneva, sans-serif;\">Arrendamientos sobre bienes inmuebles rurales<\/span><\/li>\n<li style=\"font-weight: 400;\" aria-level=\"1\"><span style=\"font-weight: 400; font-family: verdana, geneva, sans-serif;\">Locaciones temporarias de inmuebles \u2013urbanos o rurales- con fines tur\u00edsticos, de descanso o similares<\/span><\/li>\n<li style=\"font-weight: 400;\" aria-level=\"1\"><span style=\"font-weight: 400; font-family: verdana, geneva, sans-serif;\">Locaciones de espacios o superficies fijas o m\u00f3viles -exclusivas o no- delimitados dentro de bienes inmuebles como locales comerciales y\/o \u201cstands\u201d en supermercados, hipermercados, shoppings, centros, paseos o galer\u00edas de compras, etc.\u00a0<\/span><\/li>\n<\/ol>\n<p style=\"text-align: justify;\"><span style=\"font-weight: 400; font-family: verdana, geneva, sans-serif;\">En el caso de un condominio, puede registrar cualquiera de los cond\u00f3minos y libera de la obligaci\u00f3n al condominio y a los restantes cond\u00f3minos, siempre que haya informado a la totalidad de sus integrantes.<\/span><\/p>\n<p style=\"text-align: justify;\"><span style=\"font-weight: 400; font-family: verdana, geneva, sans-serif;\">En caso de ejecuciones judiciales de un contrato, previo a correr traslado de la demanda, el juez debe informar a la AFIP sobre la existencia del contrato.\u00a0<\/span><\/p>\n","protected":false},"excerpt":{"rendered":"<p>Recordamos que a partir del 1\u00b0 de marzo, se deben registrar los contratos de locaci\u00f3n y arrendamiento con el objeto de verificar el cumplimiento de las obligaciones fiscales de los sujetos intervinientes.<\/p>\n","protected":false},"author":1,"featured_media":0,"comment_status":"closed","ping_status":"open","sticky":false,"template":"","format":"standard","meta":{"footnotes":""},"categories":[3],"tags":[],"class_list":["post-75555","post","type-post","status-publish","format-standard","hentry","category-ultimas-noticias"],"_links":{"self":[{"href":"https:\/\/ic.tecnopc.com.ar\/index.php\/wp-json\/wp\/v2\/posts\/75555","targetHints":{"allow":["GET"]}}],"collection":[{"href":"https:\/\/ic.tecnopc.com.ar\/index.php\/wp-json\/wp\/v2\/posts"}],"about":[{"href":"https:\/\/ic.tecnopc.com.ar\/index.php\/wp-json\/wp\/v2\/types\/post"}],"author":[{"embeddable":true,"href":"https:\/\/ic.tecnopc.com.ar\/index.php\/wp-json\/wp\/v2\/users\/1"}],"replies":[{"embeddable":true,"href":"https:\/\/ic.tecnopc.com.ar\/index.php\/wp-json\/wp\/v2\/comments?post=75555"}],"version-history":[{"count":0,"href":"https:\/\/ic.tecnopc.com.ar\/index.php\/wp-json\/wp\/v2\/posts\/75555\/revisions"}],"wp:attachment":[{"href":"https:\/\/ic.tecnopc.com.ar\/index.php\/wp-json\/wp\/v2\/media?parent=75555"}],"wp:term":[{"taxonomy":"category","embeddable":true,"href":"https:\/\/ic.tecnopc.com.ar\/index.php\/wp-json\/wp\/v2\/categories?post=75555"},{"taxonomy":"post_tag","embeddable":true,"href":"https:\/\/ic.tecnopc.com.ar\/index.php\/wp-json\/wp\/v2\/tags?post=75555"}],"curies":[{"name":"wp","href":"https:\/\/api.w.org\/{rel}","templated":true}]}}