{"id":75593,"date":"2021-04-22T10:34:29","date_gmt":"2021-04-22T13:34:29","guid":{"rendered":"https:\/\/iulianocooreman.com.ar\/es\/?p=75593"},"modified":"2021-04-22T10:34:29","modified_gmt":"2021-04-22T13:34:29","slug":"afip-rigen-las-modificaciones-para-empleados-jubilados-y-monotributistas","status":"publish","type":"post","link":"https:\/\/ic.tecnopc.com.ar\/index.php\/2021\/04\/22\/afip-rigen-las-modificaciones-para-empleados-jubilados-y-monotributistas\/","title":{"rendered":"AFIP: RIGEN LAS MODIFICACIONES PARA EMPLEADOS, JUBILADOS Y MONOTRIBUTISTAS"},"content":{"rendered":"<p style=\"text-align: justify;\"><span style=\"font-weight: 400; font-family: verdana, geneva, sans-serif; color: #3366ff;\">Se eleva a $ 150.000.- el piso a partir del cual los trabajadores en relaci\u00f3n de dependencia comenzar\u00e1n a pagar el impuesto, retroactivo al 01\/01\/2021. Tambi\u00e9n estar\u00e1 exento el aguinaldo para esos sueldos.\u00a0\u00a0<\/span><!--more--><\/p>\n<p style=\"text-align: justify;\"><span style=\"font-weight: 400; font-family: verdana, geneva, sans-serif;\">Si bien no aparecen en p\u00e1gina de AFIP, ya son ley los nuevos topes en el Monotributo.<\/span><\/p>\n<p style=\"text-align: justify;\"><span style=\"font-family: verdana, geneva, sans-serif;\"><b>Ganancias de 4\u00b0 Categor\u00eda:<\/b><\/span><\/p>\n<p style=\"text-align: justify;\"><span style=\"font-weight: 400; font-family: verdana, geneva, sans-serif;\">Tambi\u00e9n estar\u00e1n exentos los bonos por productividad, fallo de caja, o similares para los que perciban remuneraciones brutas de hasta $300.000.-, con un tope equivalente al 40% de la ganancia no imponible.<\/span><\/p>\n<p style=\"text-align: justify;\"><span style=\"font-weight: 400; font-family: verdana, geneva, sans-serif;\">Los gastos de movilidad, vi\u00e1ticos y otras compensaciones an\u00e1logas, ser\u00e1n deducibles del impuesto por el importe que fije el CCT o, por el importe efectivamente abonado, el cual no podr\u00e1 superar el 40% de la ganancia no imponible.<\/span><\/p>\n<p style=\"text-align: justify;\"><span style=\"font-weight: 400; font-family: verdana, geneva, sans-serif;\">Se podr\u00e1 deducir como carga de familia al conviviente, aunque el mismo no revista la condici\u00f3n de esposa o esposo.<\/span><\/p>\n<p style=\"text-align: justify;\"><span style=\"font-weight: 400; font-family: verdana, geneva, sans-serif;\">La deducci\u00f3n por hijo, hija, hijastro o hijastra se incrementar\u00e1 en una vez cuando los mismos se encuentren incapacitados para el trabajo.<\/span><\/p>\n<p style=\"text-align: justify;\"><span style=\"font-weight: 400; font-family: verdana, geneva, sans-serif;\">Para las jubilaciones y pensionados se incrementa al importe que resulte de la sumatoria de 8 haberes m\u00ednimos garantizados.<\/span><\/p>\n<p style=\"text-align: justify;\"><span style=\"font-weight: 400; font-family: verdana, geneva, sans-serif;\">Con ciertas limitaciones, no estar\u00e1 alcanzado por el impuesto el reintegro en concepto de guarder\u00eda y\/o jard\u00edn por hijos de hasta 3 a\u00f1os de edad, y la provisi\u00f3n que realice de herramientas educativas.<\/span><\/p>\n<p style=\"text-align: justify;\"><span style=\"font-weight: 400; font-family: verdana, geneva, sans-serif;\">Por otro lado, en materia del personal de la salud, se prorrogan hasta el 30\/09\/2021 las exenciones por guardias obligatorias (activas o pasivas) y horas extras, y todo otro concepto que se liquide en virtud de la emergencia sanitaria provocada por el COVID 19.<\/span><\/p>\n<p style=\"text-align: justify;\"><span style=\"font-weight: 400; font-family: verdana, geneva, sans-serif;\">Monotributo:<\/span><\/p>\n<p style=\"text-align: justify;\"><span style=\"font-weight: 400; font-family: verdana, geneva, sans-serif;\">Se establece en un porcentaje equivalente al 35,3%, y con efecto a partir del 1\u00ba\/01\/2021, la actualizaci\u00f3n de los par\u00e1metros para permanecer en el r\u00e9gimen.<\/span><\/p>\n<p style=\"text-align: justify;\"><span style=\"font-weight: 400; font-family: verdana, geneva, sans-serif;\">La recategorizaci\u00f3n del a\u00f1o en curso ser\u00e1 realizada de oficio por parte de la AFIP. Los contribuyentes podr\u00e1n solicitar la modificaci\u00f3n de la citada recategorizaci\u00f3n.<\/span><\/p>\n<p style=\"text-align: justify;\"><span style=\"font-weight: 400; font-family: verdana, geneva, sans-serif;\">El r\u00e9gimen es complejo y contiene disposiciones que se aplican desde el 1\u00ba\/01\/2022 (Cap. IV). Y otras que ser\u00e1n aplicables al presente a\u00f1o (Cap. III).<\/span><\/p>\n<p style=\"text-align: justify;\"><span style=\"font-weight: 400; font-family: verdana, geneva, sans-serif;\">Establece la posibilidad de que, al pasar al R\u00e9gimen General, se pueda computar en el IVA un Cr\u00e9dito Fiscal presunto, en tanto que los gastos podr\u00e1n ser deducibles del impuesto a las ganancias o puedan mantenerse en el Monotributo cuando sus ingresos brutos devengados no hayan superado en un 25% el l\u00edmite superior de la categor\u00eda m\u00e1xima del r\u00e9gimen.<\/span><\/p>\n<p style=\"text-align: justify;\"><span style=\"font-weight: 400; font-family: verdana, geneva, sans-serif;\">En materia de facturaci\u00f3n se establece que deber\u00e1 discriminarse el IVA en las facturas que se emitan a los Monotributistas, por lo que deben adecuarse las normas de facturaci\u00f3n para instrumentar el cumplimiento del presente requisito.<\/span><\/p>\n","protected":false},"excerpt":{"rendered":"<p>Se eleva a $ 150.000.- el piso a partir del cual los trabajadores en relaci\u00f3n de dependencia comenzar\u00e1n a pagar el impuesto, retroactivo al 01\/01\/2021. Tambi\u00e9n estar\u00e1 exento el aguinaldo para esos sueldos.\u00a0\u00a0<\/p>\n","protected":false},"author":1,"featured_media":0,"comment_status":"closed","ping_status":"open","sticky":false,"template":"","format":"standard","meta":{"footnotes":""},"categories":[3],"tags":[],"class_list":["post-75593","post","type-post","status-publish","format-standard","hentry","category-ultimas-noticias"],"_links":{"self":[{"href":"https:\/\/ic.tecnopc.com.ar\/index.php\/wp-json\/wp\/v2\/posts\/75593","targetHints":{"allow":["GET"]}}],"collection":[{"href":"https:\/\/ic.tecnopc.com.ar\/index.php\/wp-json\/wp\/v2\/posts"}],"about":[{"href":"https:\/\/ic.tecnopc.com.ar\/index.php\/wp-json\/wp\/v2\/types\/post"}],"author":[{"embeddable":true,"href":"https:\/\/ic.tecnopc.com.ar\/index.php\/wp-json\/wp\/v2\/users\/1"}],"replies":[{"embeddable":true,"href":"https:\/\/ic.tecnopc.com.ar\/index.php\/wp-json\/wp\/v2\/comments?post=75593"}],"version-history":[{"count":0,"href":"https:\/\/ic.tecnopc.com.ar\/index.php\/wp-json\/wp\/v2\/posts\/75593\/revisions"}],"wp:attachment":[{"href":"https:\/\/ic.tecnopc.com.ar\/index.php\/wp-json\/wp\/v2\/media?parent=75593"}],"wp:term":[{"taxonomy":"category","embeddable":true,"href":"https:\/\/ic.tecnopc.com.ar\/index.php\/wp-json\/wp\/v2\/categories?post=75593"},{"taxonomy":"post_tag","embeddable":true,"href":"https:\/\/ic.tecnopc.com.ar\/index.php\/wp-json\/wp\/v2\/tags?post=75593"}],"curies":[{"name":"wp","href":"https:\/\/api.w.org\/{rel}","templated":true}]}}