{"id":75595,"date":"2021-04-22T14:03:26","date_gmt":"2021-04-22T17:03:26","guid":{"rendered":"https:\/\/iulianocooreman.com.ar\/es\/?p=75595"},"modified":"2021-04-22T14:03:26","modified_gmt":"2021-04-22T17:03:26","slug":"afip-repro-04-2021-la-pagina-no-funciona","status":"publish","type":"post","link":"https:\/\/ic.tecnopc.com.ar\/index.php\/2021\/04\/22\/afip-repro-04-2021-la-pagina-no-funciona\/","title":{"rendered":"AFIP &#8211; REPRO 04\/2021: LA PAGINA NO FUNCIONA"},"content":{"rendered":"<p style=\"text-align: justify;\"><span style=\"font-weight: 400; font-family: verdana, geneva, sans-serif; color: #3366ff;\">Tendr\u00eda que estar habilitada la presentaci\u00f3n desde el 21\/04\/2021 y hasta el 28\/04\/2021 para las inscripciones del REPRO Abril 2021.<\/span><!--more--><\/p>\n<p style=\"text-align: justify;\"><span style=\"font-weight: 400; font-family: verdana, geneva, sans-serif;\">El beneficio consiste en una suma fija a cuenta de las remuneraciones netas.<\/span><\/p>\n<p style=\"text-align: justify;\"><span style=\"font-weight: 400; font-family: verdana, geneva, sans-serif;\">\u00a0Montos:<\/span><\/p>\n<ol style=\"text-align: justify;\">\n<li style=\"font-weight: 400;\" aria-level=\"1\"><span style=\"font-weight: 400; font-family: verdana, geneva, sans-serif;\">Sectores no cr\u00edticos: $ 9.000<\/span><\/li>\n<li style=\"font-weight: 400;\" aria-level=\"1\"><span style=\"font-weight: 400; font-family: verdana, geneva, sans-serif;\">Sectores cr\u00edticos: $ 18.000<\/span><\/li>\n<li style=\"font-weight: 400;\" aria-level=\"1\"><span style=\"font-weight: 400; font-family: verdana, geneva, sans-serif;\">Sector salud: $ 18.000<\/span><\/li>\n<li style=\"font-weight: 400;\" aria-level=\"1\"><span style=\"font-weight: 400; font-family: verdana, geneva, sans-serif;\">Si no llega a esos montos: Igual a la Remuneraci\u00f3n Neta.<\/span><\/li>\n<\/ol>\n<p style=\"text-align: justify;\"><span style=\"font-weight: 400; font-family: verdana, geneva, sans-serif;\">Par\u00e1metros:<\/span><\/p>\n<ul style=\"text-align: justify;\">\n<li style=\"font-weight: 400;\" aria-level=\"1\"><span style=\"font-weight: 400; font-family: verdana, geneva, sans-serif;\">Una reducci\u00f3n menor al VEINTE POR CIENTO (20%), en t\u00e9rminos reales, para los sectores no cr\u00edticos y cr\u00edticos, entre el 1\u00b0 al 20 de abril\/2021 y 1\u00b0 al 20 de abril de2019.\u00a0<\/span><\/li>\n<li style=\"font-weight: 400;\" aria-level=\"1\"><span style=\"font-weight: 400; font-family: verdana, geneva, sans-serif;\">Una reducci\u00f3n menor al CERO POR CIENTO (0%), en t\u00e9rminos reales, para el Sector Salud, entre el 1\u00b0 al 20 de abril\/2021 y 1\u00b0 al 20 de abril de2019.<\/span><\/li>\n<\/ul>\n<p style=\"text-align: justify;\"><span style=\"font-weight: 400; font-family: verdana, geneva, sans-serif;\">No se podr\u00e1:<\/span><\/p>\n<ul style=\"text-align: justify;\">\n<li style=\"font-weight: 400;\" aria-level=\"1\"><span style=\"font-weight: 400; font-family: verdana, geneva, sans-serif;\">Despedir Personal sin causa<\/span><\/li>\n<li style=\"font-weight: 400;\" aria-level=\"1\"><span style=\"font-weight: 400; font-family: verdana, geneva, sans-serif;\">Despedir o suspender Personal por falta o disminuci\u00f3n de trabajo o por fuerza mayor.<\/span><\/li>\n<\/ul>\n<p style=\"text-align: justify;\"><span style=\"font-weight: 400; font-family: verdana, geneva, sans-serif;\">Se requiere:<\/span><\/p>\n<ul style=\"text-align: justify;\">\n<li style=\"font-weight: 400;\" aria-level=\"1\"><span style=\"font-weight: 400; font-family: verdana, geneva, sans-serif;\">\u00daltimo Balance con firma certificada,\u00a0<\/span><\/li>\n<li style=\"font-weight: 400;\" aria-level=\"1\"><span style=\"font-weight: 400; font-family: verdana, geneva, sans-serif;\">Informaci\u00f3n econ\u00f3mica, patrimonial y financiera<\/span><\/li>\n<li style=\"font-weight: 400;\" aria-level=\"1\"><span style=\"font-weight: 400; font-family: verdana, geneva, sans-serif;\">N\u00f3mina del Personal<\/span><\/li>\n<li style=\"font-weight: 400;\" aria-level=\"1\"><span style=\"font-weight: 400; font-family: verdana, geneva, sans-serif;\">DDJJ de cumplimiento del Aporte Solidario y Extraordinario para Ayudar a Morigerar los Efectos de la Pandemia<\/span><\/li>\n<li style=\"font-weight: 400;\" aria-level=\"1\"><span style=\"font-weight: 400; font-family: verdana, geneva, sans-serif;\">Pertenecer al sector privado y estar incluido como sector cr\u00edtico, afectado no cr\u00edtico o de Salud.<\/span><\/li>\n<li style=\"font-weight: 400;\" aria-level=\"1\"><span style=\"font-weight: 400; font-family: verdana, geneva, sans-serif;\">No percibir subsidios del Sector P\u00fablico, con las excepciones sectoriales definidas por la normativa del ATP.<\/span><\/li>\n<\/ul>\n<p style=\"text-align: justify;\"><span style=\"font-weight: 400; font-family: verdana, geneva, sans-serif;\">Importante:<\/span><\/p>\n<p style=\"text-align: justify;\"><span style=\"font-weight: 400; font-family: verdana, geneva, sans-serif;\">El solo cumplimiento de los criterios de preselecci\u00f3n no implica el acceso al beneficio del Programa.<\/span><\/p>\n<p style=\"text-align: justify;\"><span style=\"font-weight: 400; font-family: verdana, geneva, sans-serif;\">Se evaluar\u00e1n indicadores econ\u00f3micos, financieros y laborales: Compras, Endeudamiento, Liquidez, Consumo de Electricidad y Gas, etc.<\/span><\/p>\n","protected":false},"excerpt":{"rendered":"<p>Tendr\u00eda que estar habilitada la presentaci\u00f3n desde el 21\/04\/2021 y hasta el 28\/04\/2021 para las inscripciones del REPRO Abril 2021.<\/p>\n","protected":false},"author":1,"featured_media":0,"comment_status":"closed","ping_status":"open","sticky":false,"template":"","format":"standard","meta":{"footnotes":""},"categories":[3],"tags":[],"class_list":["post-75595","post","type-post","status-publish","format-standard","hentry","category-ultimas-noticias"],"_links":{"self":[{"href":"https:\/\/ic.tecnopc.com.ar\/index.php\/wp-json\/wp\/v2\/posts\/75595","targetHints":{"allow":["GET"]}}],"collection":[{"href":"https:\/\/ic.tecnopc.com.ar\/index.php\/wp-json\/wp\/v2\/posts"}],"about":[{"href":"https:\/\/ic.tecnopc.com.ar\/index.php\/wp-json\/wp\/v2\/types\/post"}],"author":[{"embeddable":true,"href":"https:\/\/ic.tecnopc.com.ar\/index.php\/wp-json\/wp\/v2\/users\/1"}],"replies":[{"embeddable":true,"href":"https:\/\/ic.tecnopc.com.ar\/index.php\/wp-json\/wp\/v2\/comments?post=75595"}],"version-history":[{"count":0,"href":"https:\/\/ic.tecnopc.com.ar\/index.php\/wp-json\/wp\/v2\/posts\/75595\/revisions"}],"wp:attachment":[{"href":"https:\/\/ic.tecnopc.com.ar\/index.php\/wp-json\/wp\/v2\/media?parent=75595"}],"wp:term":[{"taxonomy":"category","embeddable":true,"href":"https:\/\/ic.tecnopc.com.ar\/index.php\/wp-json\/wp\/v2\/categories?post=75595"},{"taxonomy":"post_tag","embeddable":true,"href":"https:\/\/ic.tecnopc.com.ar\/index.php\/wp-json\/wp\/v2\/tags?post=75595"}],"curies":[{"name":"wp","href":"https:\/\/api.w.org\/{rel}","templated":true}]}}