{"id":75622,"date":"2021-05-24T14:30:50","date_gmt":"2021-05-24T17:30:50","guid":{"rendered":"https:\/\/iulianocooreman.com.ar\/es\/?p=75622"},"modified":"2021-05-24T14:30:50","modified_gmt":"2021-05-24T17:30:50","slug":"repro-ii-ampliacion","status":"publish","type":"post","link":"https:\/\/ic.tecnopc.com.ar\/index.php\/2021\/05\/24\/repro-ii-ampliacion\/","title":{"rendered":"REPRO II: AMPLIACI\u00d3N"},"content":{"rendered":"<p style=\"text-align: justify;\"><span style=\"font-family: verdana, geneva, sans-serif; color: #3366ff;\"><span style=\"font-weight: 400;\">La inscripci\u00f3n al REPRO 2 y al nuevo Programa de asistencia al trabajo independiente en sectores cr\u00edticos comenzar\u00e1 el pr\u00f3ximo <\/span><span style=\"text-decoration: underline;\"><span style=\"font-weight: 400;\">mi\u00e9rcoles 26 de mayo y durar\u00e1 hasta el martes 1 de junio<\/span><\/span><span style=\"font-weight: 400;\">, inclusive.<\/span><\/span><!--more--><\/p>\n<p style=\"text-align: justify;\"><span style=\"font-weight: 400; font-family: verdana, geneva, sans-serif;\">El programa REPRO 2 vigente presenta importantes cambios.\u00a0<\/span><\/p>\n<ul style=\"text-align: justify;\">\n<li style=\"font-weight: 400;\" aria-level=\"1\"><span style=\"font-weight: 400; font-family: verdana, geneva, sans-serif;\">Se incrementa el monto m\u00e1ximo del beneficio a $22.000 por relaci\u00f3n laboral para las empleadoras y los empleadores encuadrados en los sectores cr\u00edticos y salud (en abril llegaba hasta los $18.000).\u00a0<\/span><\/li>\n<li style=\"font-weight: 400;\" aria-level=\"1\"><span style=\"font-weight: 400; font-family: verdana, geneva, sans-serif;\">Las empresas pertenecientes a los sectores cr\u00edticos particularmente afectados por la actual coyuntura contar\u00e1n con los siguientes beneficios:\u00a0<\/span><\/li>\n<\/ul>\n<ol style=\"text-align: justify;\">\n<li style=\"font-weight: 400;\" aria-level=\"1\"><span style=\"font-weight: 400; font-family: verdana, geneva, sans-serif;\">Reducci\u00f3n del 100% de las contribuciones patronales destinadas al Sistema Integrado Previsional Argentino (SIPA).\u00a0<\/span><\/li>\n<li style=\"font-weight: 400;\" aria-level=\"1\"><span style=\"font-weight: 400; font-family: verdana, geneva, sans-serif;\">Requerimiento de informaci\u00f3n limitada a dos indicadores, facturaci\u00f3n y liquidez corriente.\u00a0<\/span><\/li>\n<li style=\"font-weight: 400;\" aria-level=\"1\"><span style=\"font-weight: 400; font-family: verdana, geneva, sans-serif;\">Se exime de la obligaci\u00f3n de presentar balance.\u00a0<\/span><\/li>\n<li style=\"font-weight: 400;\" aria-level=\"1\"><span style=\"font-family: verdana, geneva, sans-serif;\"><span style=\"font-weight: 400;\">Para evaluar la variaci\u00f3n de la facturaci\u00f3n, <\/span><span style=\"text-decoration: underline;\"><span style=\"font-weight: 400;\">se compara todos los d\u00edas de mayo de 2019 contra los primeros 24 d\u00edas de mayo de 2021<\/span><\/span><span style=\"font-weight: 400;\"><span style=\"text-decoration: underline;\">.<\/span>\u00a0<\/span><\/span><\/li>\n<\/ol>\n<p style=\"text-align: justify;\"><span style=\"font-weight: 400; font-family: verdana, geneva, sans-serif;\">Adem\u00e1s de las actividades consideradas \u201ccr\u00edticas\u201d, como gastronom\u00eda, turismo, cultura, entretenimiento y salud, se han incorporado los siguientes sectores:<\/span><\/p>\n<ul style=\"text-align: justify;\">\n<li><span style=\"font-weight: 400; font-family: verdana, geneva, sans-serif;\"> Comercio de rubros no esenciales (indumentaria, textiles, cuero, calzado, electr\u00f3nica, electrodom\u00e9sticos, muebles y veh\u00edculos, entre otros)\u00a0<\/span><\/li>\n<li><span style=\"font-weight: 400; font-family: verdana, geneva, sans-serif;\"> Comercio de ramas esenciales pero que en los \u00faltimos meses han estado afectados por la ca\u00edda de la circulaci\u00f3n (por ejemplo, kioscos, panader\u00edas, helader\u00edas y estaciones de servicio)\u00a0<\/span><\/li>\n<li><span style=\"font-weight: 400; font-family: verdana, geneva, sans-serif;\"> Centros de compra localizados en el AMBA.\u00a0<\/span><\/li>\n<\/ul>\n<p style=\"text-align: justify;\"><span style=\"font-family: verdana, geneva, sans-serif;\"><span style=\"font-weight: 400;\">Con respecto a las trabajadoras y los trabajadores independientes (<\/span><span style=\"text-decoration: underline;\"><span style=\"font-weight: 400;\">monotributistas y aut\u00f3nomos<\/span><\/span><span style=\"font-weight: 400;\">) con hasta 5 empleados, como a no empleadores:<\/span><\/span><\/p>\n<p style=\"text-align: justify;\"><span style=\"font-weight: 400; font-family: verdana, geneva, sans-serif;\">El monto del beneficio alcanza a los $22.000 por trabajadora o trabajador independiente y alcanzar\u00e1 a los siguientes sectores: Gastronom\u00eda. Turismo. Transporte. Industrias culturales Actividades deportivas y de esparcimiento. Comercio de rubros no esenciales y de ramas esenciales pero que en los \u00faltimos meses han estado afectados por la ca\u00edda de la circulaci\u00f3n. Peluquer\u00edas y centros de belleza.<\/span><\/p>\n<p style=\"text-align: justify;\"><span style=\"font-family: verdana, geneva, sans-serif;\"><span style=\"font-weight: 400;\">Para acceder deben tener pagos <\/span><span style=\"text-decoration: underline;\"><span style=\"font-weight: 400;\">al menos dos aportes en los \u00faltimos seis meses<\/span><\/span><span style=\"font-weight: 400;\"> en el r\u00e9gimen de monotributo y\/o aut\u00f3nomo y presentar una reducci\u00f3n de la facturaci\u00f3n mayor al 20% en t\u00e9rminos reales, entre mayo de 2019 y del 1\u00b0 al 24 de mayo de 2021.<\/span><\/span><\/p>\n<p style=\"text-align: justify;\"><span style=\"font-family: verdana, geneva, sans-serif;\"><span style=\"font-weight: 400;\">Para el caso de ser empleadora o empleador deber\u00e1 registrar un nivel <\/span><span style=\"text-decoration: underline;\"><span style=\"font-weight: 400;\">de liquidez corriente inferior al valor que establezca el Comit\u00e9<\/span><\/span><span style=\"font-weight: 400;\"> de evaluaci\u00f3n y seguimiento del REPRO 2. <\/span><\/span><\/p>\n","protected":false},"excerpt":{"rendered":"<p>La inscripci\u00f3n al REPRO 2 y al nuevo Programa de asistencia al trabajo independiente en sectores cr\u00edticos comenzar\u00e1 el pr\u00f3ximo mi\u00e9rcoles 26 de mayo y durar\u00e1 hasta el martes 1 de junio, inclusive.<\/p>\n","protected":false},"author":1,"featured_media":0,"comment_status":"closed","ping_status":"open","sticky":false,"template":"","format":"standard","meta":{"footnotes":""},"categories":[3],"tags":[],"class_list":["post-75622","post","type-post","status-publish","format-standard","hentry","category-ultimas-noticias"],"_links":{"self":[{"href":"https:\/\/ic.tecnopc.com.ar\/index.php\/wp-json\/wp\/v2\/posts\/75622","targetHints":{"allow":["GET"]}}],"collection":[{"href":"https:\/\/ic.tecnopc.com.ar\/index.php\/wp-json\/wp\/v2\/posts"}],"about":[{"href":"https:\/\/ic.tecnopc.com.ar\/index.php\/wp-json\/wp\/v2\/types\/post"}],"author":[{"embeddable":true,"href":"https:\/\/ic.tecnopc.com.ar\/index.php\/wp-json\/wp\/v2\/users\/1"}],"replies":[{"embeddable":true,"href":"https:\/\/ic.tecnopc.com.ar\/index.php\/wp-json\/wp\/v2\/comments?post=75622"}],"version-history":[{"count":0,"href":"https:\/\/ic.tecnopc.com.ar\/index.php\/wp-json\/wp\/v2\/posts\/75622\/revisions"}],"wp:attachment":[{"href":"https:\/\/ic.tecnopc.com.ar\/index.php\/wp-json\/wp\/v2\/media?parent=75622"}],"wp:term":[{"taxonomy":"category","embeddable":true,"href":"https:\/\/ic.tecnopc.com.ar\/index.php\/wp-json\/wp\/v2\/categories?post=75622"},{"taxonomy":"post_tag","embeddable":true,"href":"https:\/\/ic.tecnopc.com.ar\/index.php\/wp-json\/wp\/v2\/tags?post=75622"}],"curies":[{"name":"wp","href":"https:\/\/api.w.org\/{rel}","templated":true}]}}