{"id":75662,"date":"2021-06-18T17:42:37","date_gmt":"2021-06-18T20:42:37","guid":{"rendered":"https:\/\/iulianocooreman.com.ar\/es\/?p=75662"},"modified":"2021-06-18T17:42:37","modified_gmt":"2021-06-18T20:42:37","slug":"alivio-sigue-el-repro-ii-en-junio","status":"publish","type":"post","link":"https:\/\/ic.tecnopc.com.ar\/alivio-sigue-el-repro-ii-en-junio\/","title":{"rendered":"ALIVIO: SIGUE EL REPRO II EN JUNIO"},"content":{"rendered":"<p style=\"text-align: justify;\"><span style=\"font-weight: 400; font-family: verdana, geneva, sans-serif; color: #3366ff;\">Se prorrog\u00f3 el Programa REPRO II para los salarios devengados en el mes de junio 2021, para sectores cr\u00edticos, con una asistencia de emergencia para empleados y trabajadores independientes.<\/span><!--more--><\/p>\n<p style=\"text-align: justify;\"><span style=\"font-family: verdana, geneva, sans-serif;\"><span style=\"font-weight: 400;\">Mediante la Resoluci\u00f3n 341\/21 se prorroga lo dispuesto en el mes de mayo, para el Programa REPRO II para <\/span><span style=\"font-weight: 400;\">sectores cr\u00edticos,<\/span><span style=\"font-weight: 400;\"> sobre los salarios devengados del mes de junio de 2021, y para trabajadores independientes.<\/span><\/span><\/p>\n<p style=\"text-align: justify;\"><span style=\"font-weight: 400; font-family: verdana, geneva, sans-serif;\">Los criterios espec\u00edficos respecto de la facturaci\u00f3n son los siguientes:<\/span><\/p>\n<p style=\"text-align: justify;\"><span style=\"font-family: verdana, geneva, sans-serif;\"><span style=\"font-weight: 400;\">Enviar informaci\u00f3n para comparar <\/span><span style=\"font-weight: 400;\">Ventas entre el 1\u00b0 y el 22 de junio de 2021<\/span><span style=\"font-weight: 400;\">, con las<\/span><span style=\"font-weight: 400;\"> Ventas entre el 1\u00b0 y el 22 de junio de 2019, <\/span><span style=\"font-weight: 400;\">la diferencia debe presentar <\/span><span style=\"font-weight: 400;\">una reducci\u00f3n superior al 20% en t\u00e9rminos reales.<\/span><\/span><\/p>\n<p style=\"text-align: justify;\"><span style=\"font-weight: 400; font-family: verdana, geneva, sans-serif;\">La asistencia es de $ 22.000 para trabajadoras y trabajadores en empresas de sectores cr\u00edticos y salud. En tanto, dej\u00f3 en $ 9.000 el subsidio a los no cr\u00edticos afectados.<\/span><\/p>\n<p style=\"text-align: justify;\"><span style=\"font-weight: 400; font-family: verdana, geneva, sans-serif;\">Tambi\u00e9n se ampli\u00f3 la n\u00f3mina de sectores cr\u00edticos, y se le aplic\u00f3 un tratamiento diferenciado a las empresas con trabajadoras y trabajadores dependientes que prestan servicios en centros de compras, se mantuvo el m\u00e1ximo de 5 empleados por aut\u00f3nomo y se redujo el l\u00edmite de aportes impagos a los reg\u00edmenes de monotributo y aut\u00f3nomo, a dos pagos.<\/span><\/p>\n","protected":false},"excerpt":{"rendered":"<p>Se prorrog\u00f3 el Programa REPRO II para los salarios devengados en el mes de junio 2021, para sectores cr\u00edticos, con una asistencia de emergencia para empleados y trabajadores independientes.<\/p>\n","protected":false},"author":1,"featured_media":0,"comment_status":"closed","ping_status":"open","sticky":false,"template":"","format":"standard","meta":{"site-sidebar-layout":"default","site-content-layout":"","ast-site-content-layout":"default","site-content-style":"default","site-sidebar-style":"default","ast-global-header-display":"","ast-banner-title-visibility":"","ast-main-header-display":"","ast-hfb-above-header-display":"","ast-hfb-below-header-display":"","ast-hfb-mobile-header-display":"","site-post-title":"","ast-breadcrumbs-content":"","ast-featured-img":"","footer-sml-layout":"","ast-disable-related-posts":"","theme-transparent-header-meta":"","adv-header-id-meta":"","stick-header-meta":"","header-above-stick-meta":"","header-main-stick-meta":"","header-below-stick-meta":"","astra-migrate-meta-layouts":"default","ast-page-background-enabled":"default","ast-page-background-meta":{"desktop":{"background-color":"","background-image":"","background-repeat":"repeat","background-position":"center center","background-size":"auto","background-attachment":"scroll","background-type":"","background-media":"","overlay-type":"","overlay-color":"","overlay-opacity":"","overlay-gradient":""},"tablet":{"background-color":"","background-image":"","background-repeat":"repeat","background-position":"center center","background-size":"auto","background-attachment":"scroll","background-type":"","background-media":"","overlay-type":"","overlay-color":"","overlay-opacity":"","overlay-gradient":""},"mobile":{"background-color":"","background-image":"","background-repeat":"repeat","background-position":"center center","background-size":"auto","background-attachment":"scroll","background-type":"","background-media":"","overlay-type":"","overlay-color":"","overlay-opacity":"","overlay-gradient":""}},"ast-content-background-meta":{"desktop":{"background-color":"var(--ast-global-color-5)","background-image":"","background-repeat":"repeat","background-position":"center center","background-size":"auto","background-attachment":"scroll","background-type":"","background-media":"","overlay-type":"","overlay-color":"","overlay-opacity":"","overlay-gradient":""},"tablet":{"background-color":"var(--ast-global-color-5)","background-image":"","background-repeat":"repeat","background-position":"center center","background-size":"auto","background-attachment":"scroll","background-type":"","background-media":"","overlay-type":"","overlay-color":"","overlay-opacity":"","overlay-gradient":""},"mobile":{"background-color":"var(--ast-global-color-5)","background-image":"","background-repeat":"repeat","background-position":"center center","background-size":"auto","background-attachment":"scroll","background-type":"","background-media":"","overlay-type":"","overlay-color":"","overlay-opacity":"","overlay-gradient":""}},"footnotes":""},"categories":[3],"tags":[],"class_list":["post-75662","post","type-post","status-publish","format-standard","hentry","category-ultimas-noticias"],"_links":{"self":[{"href":"https:\/\/ic.tecnopc.com.ar\/wp-json\/wp\/v2\/posts\/75662","targetHints":{"allow":["GET"]}}],"collection":[{"href":"https:\/\/ic.tecnopc.com.ar\/wp-json\/wp\/v2\/posts"}],"about":[{"href":"https:\/\/ic.tecnopc.com.ar\/wp-json\/wp\/v2\/types\/post"}],"author":[{"embeddable":true,"href":"https:\/\/ic.tecnopc.com.ar\/wp-json\/wp\/v2\/users\/1"}],"replies":[{"embeddable":true,"href":"https:\/\/ic.tecnopc.com.ar\/wp-json\/wp\/v2\/comments?post=75662"}],"version-history":[{"count":0,"href":"https:\/\/ic.tecnopc.com.ar\/wp-json\/wp\/v2\/posts\/75662\/revisions"}],"wp:attachment":[{"href":"https:\/\/ic.tecnopc.com.ar\/wp-json\/wp\/v2\/media?parent=75662"}],"wp:term":[{"taxonomy":"category","embeddable":true,"href":"https:\/\/ic.tecnopc.com.ar\/wp-json\/wp\/v2\/categories?post=75662"},{"taxonomy":"post_tag","embeddable":true,"href":"https:\/\/ic.tecnopc.com.ar\/wp-json\/wp\/v2\/tags?post=75662"}],"curies":[{"name":"wp","href":"https:\/\/api.w.org\/{rel}","templated":true}]}}