{"id":75670,"date":"2021-06-28T14:36:31","date_gmt":"2021-06-28T17:36:31","guid":{"rendered":"https:\/\/iulianocooreman.com.ar\/es\/?p=75670"},"modified":"2021-06-28T14:36:31","modified_gmt":"2021-06-28T17:36:31","slug":"prorrogaron-ganancias-y-bienes-personales","status":"publish","type":"post","link":"https:\/\/ic.tecnopc.com.ar\/index.php\/2021\/06\/28\/prorrogaron-ganancias-y-bienes-personales\/","title":{"rendered":"PRORROGARON GANANCIAS Y BIENES PERSONALES"},"content":{"rendered":"<p><span style=\"font-family: verdana, geneva, sans-serif;\"><span style=\"font-weight: 400; color: #3366ff;\">La AFIP, posterg\u00f3 el vencimiento de las Declaraciones Juradas per\u00edodo 2020 y el consecuente pago de las mismas. Adem\u00e1s, prorrog\u00f3 el pago del 1\u00b0 Anticipo.<\/span><!--more--><\/span><\/p>\n<p><span style=\"font-family: verdana, geneva, sans-serif;\"><span style=\"font-weight: 400;\">El Organismo otorg\u00f3 un plazo especial para la <\/span><span style=\"text-decoration: underline;\"><span style=\"font-weight: 400;\">presentaci\u00f3n de las Declaraciones Juradas<\/span><\/span><span style=\"font-weight: 400;\">, pago del saldo resultante, de acuerdo al siguiente cuadro:<\/span><\/span><\/p>\n<p><span style=\"font-family: verdana, geneva, sans-serif;\"><img loading=\"lazy\" decoding=\"async\" class=\"aligncenter size-full wp-image-75671\" src=\"https:\/\/ic.tecnopc.com.ar\/wp-content\/uploads\/2021\/06\/Captura-de-pantalla-de-2021-06-28-14-32-06.png\" alt=\"\" width=\"523\" height=\"107\" srcset=\"https:\/\/ic.tecnopc.com.ar\/wp-content\/uploads\/2021\/06\/Captura-de-pantalla-de-2021-06-28-14-32-06.png 523w, https:\/\/ic.tecnopc.com.ar\/wp-content\/uploads\/2021\/06\/Captura-de-pantalla-de-2021-06-28-14-32-06-300x61.png 300w\" sizes=\"auto, (max-width: 523px) 100vw, 523px\" \/><\/span><\/p>\n<p><span style=\"font-weight: 400; font-family: verdana, geneva, sans-serif;\">Del mismo modo, modific\u00f3 la fecha de vencimiento del 1\u00b0 Anticipo de ambos impuestos, de acuerdo al siguiente cuadro:<\/span><\/p>\n<p><span style=\"font-family: verdana, geneva, sans-serif;\"><img loading=\"lazy\" decoding=\"async\" class=\"aligncenter size-full wp-image-75672\" src=\"https:\/\/ic.tecnopc.com.ar\/wp-content\/uploads\/2021\/06\/Captura-de-pantalla-de-2021-06-28-14-32-26.png\" alt=\"\" width=\"353\" height=\"125\" srcset=\"https:\/\/ic.tecnopc.com.ar\/wp-content\/uploads\/2021\/06\/Captura-de-pantalla-de-2021-06-28-14-32-26.png 353w, https:\/\/ic.tecnopc.com.ar\/wp-content\/uploads\/2021\/06\/Captura-de-pantalla-de-2021-06-28-14-32-26-300x106.png 300w\" sizes=\"auto, (max-width: 353px) 100vw, 353px\" \/><\/span><\/p>\n","protected":false},"excerpt":{"rendered":"<p>La AFIP, posterg\u00f3 el vencimiento de las Declaraciones Juradas per\u00edodo 2020 y el consecuente pago de las mismas. Adem\u00e1s, prorrog\u00f3 el pago del 1\u00b0 Anticipo.<\/p>\n","protected":false},"author":1,"featured_media":0,"comment_status":"closed","ping_status":"open","sticky":false,"template":"","format":"standard","meta":{"footnotes":""},"categories":[3],"tags":[],"class_list":["post-75670","post","type-post","status-publish","format-standard","hentry","category-ultimas-noticias"],"_links":{"self":[{"href":"https:\/\/ic.tecnopc.com.ar\/index.php\/wp-json\/wp\/v2\/posts\/75670","targetHints":{"allow":["GET"]}}],"collection":[{"href":"https:\/\/ic.tecnopc.com.ar\/index.php\/wp-json\/wp\/v2\/posts"}],"about":[{"href":"https:\/\/ic.tecnopc.com.ar\/index.php\/wp-json\/wp\/v2\/types\/post"}],"author":[{"embeddable":true,"href":"https:\/\/ic.tecnopc.com.ar\/index.php\/wp-json\/wp\/v2\/users\/1"}],"replies":[{"embeddable":true,"href":"https:\/\/ic.tecnopc.com.ar\/index.php\/wp-json\/wp\/v2\/comments?post=75670"}],"version-history":[{"count":0,"href":"https:\/\/ic.tecnopc.com.ar\/index.php\/wp-json\/wp\/v2\/posts\/75670\/revisions"}],"wp:attachment":[{"href":"https:\/\/ic.tecnopc.com.ar\/index.php\/wp-json\/wp\/v2\/media?parent=75670"}],"wp:term":[{"taxonomy":"category","embeddable":true,"href":"https:\/\/ic.tecnopc.com.ar\/index.php\/wp-json\/wp\/v2\/categories?post=75670"},{"taxonomy":"post_tag","embeddable":true,"href":"https:\/\/ic.tecnopc.com.ar\/index.php\/wp-json\/wp\/v2\/tags?post=75670"}],"curies":[{"name":"wp","href":"https:\/\/api.w.org\/{rel}","templated":true}]}}