{"id":75697,"date":"2021-07-21T13:19:20","date_gmt":"2021-07-21T16:19:20","guid":{"rendered":"https:\/\/iulianocooreman.com.ar\/es\/?p=75697"},"modified":"2021-07-21T13:19:20","modified_gmt":"2021-07-21T16:19:20","slug":"repro-ii-cambian-las-condiciones","status":"publish","type":"post","link":"https:\/\/ic.tecnopc.com.ar\/index.php\/2021\/07\/21\/repro-ii-cambian-las-condiciones\/","title":{"rendered":"REPRO II: CAMBIAN LAS CONDICIONES"},"content":{"rendered":"<p style=\"text-align: justify;\"><span style=\"font-weight: 400; font-family: verdana, geneva, sans-serif; color: #3366ff;\">El Ministerio de Trabajo decidi\u00f3 no prorrogar las disposiciones transitorias dictadas para el Programa REPRO II, para las remuneraciones de Julio 2021. Prorroga el programa de Asistencia para Monotributistas y Aut\u00f3nomos de sectores cr\u00edticos.<\/span><!--more--><\/p>\n<p style=\"text-align: justify;\"><span style=\"font-family: verdana, geneva, sans-serif;\"><span style=\"text-decoration: underline;\"><span style=\"font-weight: 400;\">Inscripci\u00f3n<\/span><\/span><span style=\"font-weight: 400;\">: Entre el 23 de julio y el 29 de julio de 2021 inclusive.<\/span><\/span><\/p>\n<p style=\"text-align: justify;\"><span style=\"font-family: verdana, geneva, sans-serif;\"><span style=\"text-decoration: underline;\"><span style=\"font-weight: 400;\">Monto del beneficio para sectores cr\u00edticos<\/span><\/span><span style=\"font-weight: 400;\">: PESOS VEINTIDOS MIL ($ 22.000.-) o hasta el monto de los sueldos netos, si son inferiores.<\/span><\/span><\/p>\n<p style=\"text-align: justify;\"><span style=\"font-family: verdana, geneva, sans-serif;\"><span style=\"text-decoration: underline;\"><span style=\"font-weight: 400;\">Reducci\u00f3n del 100% de las contribuciones patronales<\/span><\/span><span style=\"font-weight: 400;\"> destinadas al Sistema Integrado Previsional Argentino (SIPA).<\/span><\/span><\/p>\n<p style=\"text-align: justify;\"><span style=\"font-family: verdana, geneva, sans-serif;\"><span style=\"text-decoration: underline;\"><span style=\"font-weight: 400;\">Requisitos<\/span><\/span><span style=\"font-weight: 400;\">:<\/span><\/span><\/p>\n<ol style=\"list-style-type: lower-alpha;\">\n<li><span style=\"font-weight: 400; font-family: verdana, geneva, sans-serif;\"> Meses seleccionados para el c\u00e1lculo de la variaci\u00f3n interanual de la facturaci\u00f3n requerida por la AFIP: junio de 2019 y junio de 2021.<\/span><\/li>\n<li><span style=\"font-weight: 400; font-family: verdana, geneva, sans-serif;\"> Altas empresas: No se deber\u00e1 considerar la facturaci\u00f3n para las empresas iniciadas a partir del 1\u00ba de enero de 2019.<\/span><\/li>\n<li><span style=\"font-weight: 400; font-family: verdana, geneva, sans-serif;\"> Mes seleccionado para determinar la n\u00f3mina de personal y los salarios de referencia: mayo 2021.<\/span><\/li>\n<li><span style=\"font-weight: 400; font-family: verdana, geneva, sans-serif;\"> Corte de actualizaci\u00f3n de bajas de n\u00f3mina: 22 de Julio<\/span><\/li>\n<li><span style=\"font-weight: 400; font-family: verdana, geneva, sans-serif;\"> Corte de actualizaci\u00f3n CBU: 22 de Julio inclusive<\/span><\/li>\n<\/ol>\n<p style=\"text-align: justify;\"><span style=\"font-family: verdana, geneva, sans-serif;\"><span style=\"text-decoration: underline;\"><span style=\"font-weight: 400;\">Actividades<\/span><\/span><span style=\"font-weight: 400;\">:<\/span><\/span><\/p>\n<ol style=\"text-align: justify;\">\n<li><span style=\"font-weight: 400; font-family: verdana, geneva, sans-serif;\">Comercio de rubros no esenciales (indumentaria, textiles, cuero, calzado, electr\u00f3nica, electrodom\u00e9sticos, muebles y veh\u00edculos, entre otros)<\/span><\/li>\n<li><span style=\"font-weight: 400; font-family: verdana, geneva, sans-serif;\">Comercio de ramas esenciales pero que en los \u00faltimos meses han estado afectados por la ca\u00edda de la circulaci\u00f3n (por ejemplo, kioscos, panader\u00edas, helader\u00edas y estaciones de servicio)<\/span><\/li>\n<\/ol>\n<p style=\"text-align: justify;\"><span style=\"text-decoration: underline;\"><span style=\"font-weight: 400; font-family: verdana, geneva, sans-serif;\">Programa de Asistencia de Emergencia a Trabajadoras y Trabajadores Independientes<\/span><\/span><\/p>\n<p style=\"text-align: justify;\"><span style=\"font-weight: 400; font-family: verdana, geneva, sans-serif;\">En paralelo, se extiende el alcance del programa en sectores cr\u00edticos, con una asignaci\u00f3n de $22.000,00 a cada trabajador independiente, que cumpla con las nuevas pautas:<\/span><\/p>\n<p style=\"text-align: justify;\"><span style=\"font-weight: 400; font-family: verdana, geneva, sans-serif;\">&#8211; Tener pagos al menos DOS (2) per\u00edodos de Aut\u00f3nomos o Monotributo de los \u00faltimos SIETE (7) meses previos.<\/span><\/p>\n<p style=\"text-align: justify;\"><span style=\"font-weight: 400; font-family: verdana, geneva, sans-serif;\">&#8211; Inscriptos con menos de SIETE (7) meses previos, deber\u00e1 registrarse como m\u00ednimo UN (1) pago.<\/span><\/p>\n<p style=\"text-align: justify;\"><span style=\"font-weight: 400; font-family: verdana, geneva, sans-serif;\">-No tener m\u00e1s de CINCO (5) empleados\/as en junio.<\/span><\/p>\n<p style=\"text-align: justify;\"><span style=\"font-weight: 400; font-family: verdana, geneva, sans-serif;\">&#8211; Cumplir con el conjunto de indicadores econ\u00f3micos, financieros y laborales.<\/span><\/p>\n<p style=\"text-align: justify;\"><span style=\"font-weight: 400; font-family: verdana, geneva, sans-serif;\">&#8211; No figurar en el Registro P\u00fablico de Empleadores con Sanciones Laborales (REPSAL) en los supuestos previstos en el inciso h) del art\u00edculo 2\u00ba y en los art\u00edculos 3\u00ba y 4\u00ba de la Ley N\u00b0 26.940, por el tiempo que permanezcan en el mismo.<\/span><\/p>\n<p style=\"text-align: justify;\"><span style=\"font-weight: 400; font-family: verdana, geneva, sans-serif;\">&#8211; Rubros:<\/span><\/p>\n<ul>\n<li style=\"font-weight: 400; text-align: justify;\" aria-level=\"1\"><span style=\"font-weight: 400; font-family: verdana, geneva, sans-serif;\">Gastronom\u00eda<\/span><\/li>\n<li style=\"font-weight: 400; text-align: justify;\" aria-level=\"1\"><span style=\"font-weight: 400; font-family: verdana, geneva, sans-serif;\">Turismo<\/span><\/li>\n<li style=\"font-weight: 400; text-align: justify;\" aria-level=\"1\"><span style=\"font-weight: 400; font-family: verdana, geneva, sans-serif;\">Transporte<\/span><\/li>\n<li style=\"font-weight: 400; text-align: justify;\" aria-level=\"1\"><span style=\"font-weight: 400; font-family: verdana, geneva, sans-serif;\">Industrias culturales<\/span><\/li>\n<li style=\"font-weight: 400; text-align: justify;\" aria-level=\"1\"><span style=\"font-weight: 400; font-family: verdana, geneva, sans-serif;\">Actividades deportivas y de esparcimiento<\/span><\/li>\n<li style=\"font-weight: 400; text-align: justify;\" aria-level=\"1\"><span style=\"font-weight: 400; font-family: verdana, geneva, sans-serif;\">Comercio de rubros no esenciales y de ramas esenciales pero que en los \u00faltimos meses han estado afectados por la ca\u00edda de la circulaci\u00f3n<\/span><\/li>\n<li style=\"font-weight: 400; text-align: justify;\" aria-level=\"1\"><span style=\"font-weight: 400; font-family: verdana, geneva, sans-serif;\">Peluquer\u00edas y centros de belleza<\/span><\/li>\n<\/ul>\n","protected":false},"excerpt":{"rendered":"<p>El Ministerio de Trabajo decidi\u00f3 no prorrogar las disposiciones transitorias dictadas para el Programa REPRO II, para las remuneraciones de Julio 2021. Prorroga el programa de Asistencia para Monotributistas y Aut\u00f3nomos de sectores cr\u00edticos.<\/p>\n","protected":false},"author":1,"featured_media":0,"comment_status":"closed","ping_status":"open","sticky":false,"template":"","format":"standard","meta":{"footnotes":""},"categories":[3],"tags":[],"class_list":["post-75697","post","type-post","status-publish","format-standard","hentry","category-ultimas-noticias"],"_links":{"self":[{"href":"https:\/\/ic.tecnopc.com.ar\/index.php\/wp-json\/wp\/v2\/posts\/75697","targetHints":{"allow":["GET"]}}],"collection":[{"href":"https:\/\/ic.tecnopc.com.ar\/index.php\/wp-json\/wp\/v2\/posts"}],"about":[{"href":"https:\/\/ic.tecnopc.com.ar\/index.php\/wp-json\/wp\/v2\/types\/post"}],"author":[{"embeddable":true,"href":"https:\/\/ic.tecnopc.com.ar\/index.php\/wp-json\/wp\/v2\/users\/1"}],"replies":[{"embeddable":true,"href":"https:\/\/ic.tecnopc.com.ar\/index.php\/wp-json\/wp\/v2\/comments?post=75697"}],"version-history":[{"count":0,"href":"https:\/\/ic.tecnopc.com.ar\/index.php\/wp-json\/wp\/v2\/posts\/75697\/revisions"}],"wp:attachment":[{"href":"https:\/\/ic.tecnopc.com.ar\/index.php\/wp-json\/wp\/v2\/media?parent=75697"}],"wp:term":[{"taxonomy":"category","embeddable":true,"href":"https:\/\/ic.tecnopc.com.ar\/index.php\/wp-json\/wp\/v2\/categories?post=75697"},{"taxonomy":"post_tag","embeddable":true,"href":"https:\/\/ic.tecnopc.com.ar\/index.php\/wp-json\/wp\/v2\/tags?post=75697"}],"curies":[{"name":"wp","href":"https:\/\/api.w.org\/{rel}","templated":true}]}}